{"id":346958,"date":"2025-08-27T06:33:16","date_gmt":"2025-08-27T06:33:16","guid":{"rendered":"https:\/\/www.europesays.com\/fr\/346958\/"},"modified":"2025-08-27T06:33:16","modified_gmt":"2025-08-27T06:33:16","slug":"alsace-strasbourg-est-la-14e-ville-la-plus-chere-de-france-pour-les-etudiants-mulhouse-en-41e-position","status":"publish","type":"post","link":"https:\/\/www.europesays.com\/fr\/346958\/","title":{"rendered":"Alsace. Strasbourg est la 14e ville la plus ch\u00e8re de France pour les \u00e9tudiants, Mulhouse en 41e position"},"content":{"rendered":"<p>Selon le classement annuel de l\u2019Unef (Union nationale des \u00e9tudiants de France), Strasbourg est pass\u00e9e au 14e rang des villes les plus ch\u00e8res pour les \u00e9tudiants en France, sur 47 qui ont \u00e9t\u00e9 pass\u00e9es au crible.<\/p>\n<p>Le co\u00fbt de la vie a augment\u00e9 de 5,62\u00a0% dans la capitale alsacienne, au-del\u00e0 de la <a href=\"https:\/\/www.dna.fr\/education\/2025\/08\/20\/chambery-dijon-quelles-sont-les-villes-etudiantes-ou-le-cout-de-la-vie-augmente-le-plus\" target=\"_blank\" rel=\"noopener\">moyenne nationale qui est de 4,12\u00a0%<\/a> , soit 67,14\u00a0euros de d\u00e9penses suppl\u00e9mentaires par mois. Il faut en moyenne 1\u00a0261,48\u00a0euros mensuels \u00e0 un \u00e9tudiant pour <a href=\"https:\/\/www.dna.fr\/education\/2025\/08\/29\/rentree-etudiante-a-strasbourg-colmar-et-mulhouse-les-bons-plans-a-connaitre-pour-ne-pas-exploser-son-budget\" target=\"_blank\" rel=\"noopener\">vivre \u00e0 Strasbourg<\/a>, estime l\u2019Unef.<\/p>\n<p>Le loyer en particulier est pass\u00e9 \u00e0 558\u00a0euros, contre 547 l\u2019an dernier, soit une hausse de 2,01\u00a0%. Le prix des transports reste inchang\u00e9 \u00e0 280\u00a0euros par mois.<\/p>\n<p>Pour ce classement, sont aussi pris en compte les frais d\u2019inscription \u00e0 l\u2019universit\u00e9, le logement et l\u2019assurance habitation, les frais bancaires, l\u2019inscription \u00e0 une mutuelle, l\u2019\u00e9lectricit\u00e9, le forfait internet et de t\u00e9l\u00e9phone, la restauration, l\u2019habillement, les livres et les loisirs, mais pas les diff\u00e9rentes aides sociales.<\/p>\n<p>La ville de Mulhouse appara\u00eet \u00e0 la 41 e place de ce classement avec un co\u00fbt moyen mensuel par \u00e9tudiant \u00e9valu\u00e9 \u00e0 1\u00a0115,73\u00a0euros. L\u2019Unef rel\u00e8ve une importante augmentation globale de 5,30\u00a0%, m\u00eame si deux postes principaux de d\u00e9penses restent stables, en l\u2019occurrence le loyer, estim\u00e9 \u00e0 419\u00a0euros par mois, et celui des transports \u00e0 199\u00a0euros.<\/p>\n<p>  Le logement, sujet politique<\/p>\n<p>Tout en n\u2019employant pas tout \u00e0 fait la m\u00eame m\u00e9thodologie, puisqu\u2019elle se focalise sur le co\u00fbt de la rentr\u00e9e universitaire, l\u2019Agfes (Association f\u00e9d\u00e9rative g\u00e9n\u00e9rale des \u00e9tudiants de Strasbourg) observe pareillement une tendance continue \u00e0 la hausse. Dans son propre rapport qui sortira d\u00e9but septembre, elle estime qu\u2019un \u00e9tudiant en licence non boursier quittant le logement familial doit en moyenne d\u00e9bourser 3\u00a0216,42\u00a0euros \u00e0 son arriv\u00e9e \u00e0 Strasbourg, soit 1,59\u00a0% de plus par rapport \u00e0 2024-2025. L\u2019association \u00e9tudiante, \u00ab\u00a0plus en prise avec la r\u00e9alit\u00e9 locale\u00a0\u00bb, estime plut\u00f4t <a href=\"https:\/\/www.dna.fr\/societe\/2025\/07\/17\/comment-decrocher-un-logement-dans-une-residence-universitaire-a-strasbourg-et-mulhouse\" target=\"_blank\" rel=\"noopener\">le loyer mensuel<\/a> moyen \u00e0 580\u00a0euros. \u00ab\u00a0On \u00e9largit l\u2019\u00e9tude aux T2 de 20 \u00e0 30\u00a0m2 car l\u2019offre en studios est insuffisante du fait de la pression touristique\u00a0\u00bb, argumente sa pr\u00e9sidente Caroline Knab.<\/p>\n<p>En dehors des d\u00e9penses sp\u00e9cifiques de la rentr\u00e9e, le seul logement repr\u00e9sente \u00ab\u00a0la moiti\u00e9, voire les trois quarts du budget mensuel\u00a0\u00bb d\u2019un \u00e9tudiant. C\u2019est pr\u00e9cis\u00e9ment le sujet que l\u2019Afges pr\u00e9voit de porter \u00e0 l\u2019occasion des \u00e9lections municipales de l\u2019ann\u00e9e prochaine, en r\u00e9clamant \u00ab\u00a0un encadrement des loyers pour les studios, les T1 et T2 \u00e0 proximit\u00e9 des campus, ainsi qu\u2019une r\u00e9gulation des taux de logements en Airbnb\u00a0\u00bb.<\/p>\n<p>Enfin, pour les \u00e9tudiants en gal\u00e8re, toujours sans h\u00e9bergement \u00e0 quelques jours de la rentr\u00e9e \u00e0 Strasbourg ou qui ont \u00e9t\u00e9 \u00ab\u00a0victimes d\u2019une arnaque\u00a0\u00bb, l\u2019Afges propose un dispositif de logement provisoire (formulaire \u00e0 remplir sur <a href=\"https:\/\/dlp.afges.org\/\" target=\"_blank\" rel=\"noopener\">https:\/\/dlp.afges.org<\/a>). Ils \u00e9taient quasiment une centaine \u00e0 en b\u00e9n\u00e9ficier l\u2019an dernier.<\/p>\n","protected":false},"excerpt":{"rendered":"Selon le classement annuel de l\u2019Unef (Union nationale des \u00e9tudiants de France), Strasbourg est pass\u00e9e au 14e rang&hellip;\n","protected":false},"author":2,"featured_media":346959,"comment_status":"","ping_status":"","sticky":false,"template":"","format":"standard","meta":{"footnotes":""},"categories":[2820],"tags":[1111,11,2389,2880,1057,4854,1777,674,107,1011,27,775,3035,12,25,640],"class_list":{"0":"post-346958","1":"post","2":"type-post","3":"status-publish","4":"format-standard","5":"has-post-thumbnail","7":"category-strasbourg","8":"tag-actu","9":"tag-actualites","10":"tag-alsace","11":"tag-edition-strasbourg","12":"tag-education","13":"tag-enseignement-superieur","14":"tag-eu","15":"tag-europe","16":"tag-fil-info","17":"tag-fr","18":"tag-france","19":"tag-grand-est","20":"tag-la-matinale-strasbourg","21":"tag-news","22":"tag-republique-francaise","23":"tag-strasbourg"},"share_on_mastodon":{"url":"https:\/\/pubeurope.com\/@fr\/115099336970813108","error":""},"_links":{"self":[{"href":"https:\/\/www.europesays.com\/fr\/wp-json\/wp\/v2\/posts\/346958","targetHints":{"allow":["GET"]}}],"collection":[{"href":"https:\/\/www.europesays.com\/fr\/wp-json\/wp\/v2\/posts"}],"about":[{"href":"https:\/\/www.europesays.com\/fr\/wp-json\/wp\/v2\/types\/post"}],"author":[{"embeddable":true,"href":"https:\/\/www.europesays.com\/fr\/wp-json\/wp\/v2\/users\/2"}],"replies":[{"embeddable":true,"href":"https:\/\/www.europesays.com\/fr\/wp-json\/wp\/v2\/comments?post=346958"}],"version-history":[{"count":0,"href":"https:\/\/www.europesays.com\/fr\/wp-json\/wp\/v2\/posts\/346958\/revisions"}],"wp:featuredmedia":[{"embeddable":true,"href":"https:\/\/www.europesays.com\/fr\/wp-json\/wp\/v2\/media\/346959"}],"wp:attachment":[{"href":"https:\/\/www.europesays.com\/fr\/wp-json\/wp\/v2\/media?parent=346958"}],"wp:term":[{"taxonomy":"category","embeddable":true,"href":"https:\/\/www.europesays.com\/fr\/wp-json\/wp\/v2\/categories?post=346958"},{"taxonomy":"post_tag","embeddable":true,"href":"https:\/\/www.europesays.com\/fr\/wp-json\/wp\/v2\/tags?post=346958"}],"curies":[{"name":"wp","href":"https:\/\/api.w.org\/{rel}","templated":true}]}}