{"id":346960,"date":"2025-08-27T06:34:23","date_gmt":"2025-08-27T06:34:23","guid":{"rendered":"https:\/\/www.europesays.com\/fr\/346960\/"},"modified":"2025-08-27T06:34:23","modified_gmt":"2025-08-27T06:34:23","slug":"strasbourg-la-distribution-daide-alimentaire-dete-bat-des-records-de-frequentation-2","status":"publish","type":"post","link":"https:\/\/www.europesays.com\/fr\/346960\/","title":{"rendered":"Strasbourg\u00a0: la distribution d&rsquo;aide alimentaire d&rsquo;\u00e9t\u00e9 bat des records de fr\u00e9quentation"},"content":{"rendered":"<p>Plus de 15.000 personnes ont b\u00e9n\u00e9fici\u00e9 cet \u00e9t\u00e9 de l&rsquo;aide alimentaire inconditionnelle propos\u00e9e par la ville avec le secours populaire et l&rsquo;association Abribus. Un chiffre en hausse vertigineuse. <\/p>\n<p>C&rsquo;est une bien triste r\u00e9alit\u00e9\u00a0: il n&rsquo;y a <a class=\"IciLink ici-link IciArticleLink g-ici-body-regular-1 underline brand svelte-lu7k6w\" href=\"https:\/\/www.francebleu.fr\/infos\/economie-social\/distribution-de-repas-a-strasbourg-la-demande-deja-en-forte-hausse-en-ce-debut-d-ete-9901010\" rel=\"nofollow noopener\" target=\"_blank\">jamais eu autant de monde aux distributions d&rsquo;aide alimentaire<\/a>\u00a0qu&rsquo;en cet \u00e9t\u00e9 2025 \u00e0 Strasbourg. Depuis cinq ans, la ville aid\u00e9e par le Secours populaire et l&rsquo;association Abribus a lanc\u00e9\u00a0<strong>une distribution de paniers repas<\/strong>\u00a0durant la p\u00e9riode estivale, quand les associations caritatives prennent quelques jours de vacances. Cet \u00e9t\u00e9, pr\u00e8s de\u00a0<strong>500 paniers repas sont distribu\u00e9s<\/strong>\u00a0<strong>chaque jour<\/strong> en moyenne du mercredi au dimanche. C&rsquo;\u00e9tait 280 il y a cinq ans.<\/p>\n<p>\u00ab\u00a0On est d\u00e9j\u00e0 \u00e0 15.000 personnes accueillies depuis le d\u00e9but de l&rsquo;op\u00e9ration. Cela repr\u00e9sente une augmentation de 14% par rapport \u00e0 l&rsquo;an dernier. C&rsquo;est tr\u00e8s inqui\u00e9tant quand on voit le nombre de personnes qui viennent. En moyenne 500 personnes par jour avec des pics \u00e0 plus de 700, c&rsquo;est vraiment tr\u00e8s inqui\u00e9tant pour la suite\u00a0\u00bb\u00a0d\u00e9plore Camille Vega, secr\u00e9taire g\u00e9n\u00e9ral du Secours populaire du Bas-Rhin.\u00a0Et le public lui aussi \u00e9volue. \u00ab\u00a0Vous allez avoir des familles avec des enfants, des personnes isol\u00e9es, des personnes en logement qui sont retrait\u00e9es. Des migrants aussi. Mais l&rsquo;immense majorit\u00e9 des personnes qui viennent sont des personnes qui sont \u00e0 la rue, totalement d\u00e9munies\u00a0\u00bb\u00a0ajoute Camille Vega.<\/p>\n<p>Budget augment\u00e9<\/p>\n<p>Au total, la ville de Strasbourg a mis 180.000 euros cette ann\u00e9e pour financer cette aide alimentaire. Soit une rallonge de derni\u00e8re minute\u00a0<strong>de plus de 30.000 euros<\/strong>. \u00ab\u00a0Par rapport au budget que l&rsquo;on avait pr\u00e9vu on s&rsquo;est rendu compte au milieu de l&rsquo;op\u00e9ration que cela ne suffirait pas donc on a d\u00e9cid\u00e9 de mettre une rallonge financi\u00e8re pour \u00e9viter d&rsquo;arriver \u00e0 une situation o\u00f9 on refuse de pouvoir distribuer des repas \u00e0 des personnes\u00a0\u00bb\u00a0explique Floriane Varieras, adjointe \u00e0 la maire de Strasbourg en charge de la ville inclusive. L&rsquo;\u00c9tat a lui aussi augment\u00e9 sa participation,\u00a0<strong>\u00e0 hauteur de 20.000 euros<\/strong>.<\/p>\n<p>Le Secours populaire et la Ville s&rsquo;interrogent d\u00e9sormais \u00e0 une \u00e9ventuelle r\u00e9organisation de l&rsquo;aide alimentaire l&rsquo;\u00e9t\u00e9 prochain tant les besoins sont importants et la limite atteinte en terme de moyens.\u00a0L&rsquo;aide alimentaire gratuite organis\u00e9e \u00e0 la Fabrique de Th\u00e9\u00e2tre rue du Hohwald aura donc dur\u00e9 cet \u00e9t\u00e9 encore une quarantaine de jours. Elle s&rsquo;ach\u00e8vera le 31 ao\u00fbt.<\/p>\n<p>\u00c0 \u00e9couter aussi   <img decoding=\"async\" src=\"https:\/\/www.europesays.com\/fr\/wp-content\/uploads\/2025\/08\/1756276462_435_200x200\" alt=\"Dans la file de la distribution alimentaire estivale \u00e0 Strasbourg\" style=\"--_image-preview:url('data:image\/jpeg;base64,\/9j\/2wBDACgcHiMeGSgjISMtKygwPGRBPDc3PHtYXUlkkYCZlo+AjIqgtObDoKrarYqMyP\/L2u71\/\/\/\/m8H\/\/\/\/6\/+b9\/\/j\/2wBDASstLTw1PHZBQXb4pYyl+Pj4+Pj4+Pj4+Pj4+Pj4+Pj4+Pj4+Pj4+Pj4+Pj4+Pj4+Pj4+Pj4+Pj4+Pj4+Pj4+Pj\/wAARCAAqACoDASIAAhEBAxEB\/8QAGQAAAwEBAQAAAAAAAAAAAAAAAQIDAAQF\/8QAGBABAQEBAQAAAAAAAAAAAAAAAAECERL\/xAAVAQEBAAAAAAAAAAAAAAAAAAAAAf\/EABQRAQAAAAAAAAAAAAAAAAAAAAD\/2gAMAwEAAhEDEQA\/AKQKHQtALQ9F1S9FWzo\/UM0\/QJ7a6c82pL0Q1AZDTIBmHaZP5RXnYq+HPh04EUzFZkuVIDTJuDBB\/9k=');\" loading=\"lazy\" fetchpriority=\"low\" aria-hidden=\"true\" class=\"svelte-1pnmlwx rounded\" onload=\"this.__e=event\" onerror=\"this.__e=event\"\/>\u00c0 lire aussi   <img decoding=\"async\" src=\"https:\/\/www.europesays.com\/fr\/wp-content\/uploads\/2025\/08\/1756276463_111_200x200\" alt=\"COP1 Strasbourg f\u00eate ses deux ans d'existance.\" style=\"--_image-preview:url('data:image\/jpeg;base64,\/9j\/2wBDACgcHiMeGSgjISMtKygwPGRBPDc3PHtYXUlkkYCZlo+AjIqgtObDoKrarYqMyP\/L2u71\/\/\/\/m8H\/\/\/\/6\/+b9\/\/j\/2wBDASstLTw1PHZBQXb4pYyl+Pj4+Pj4+Pj4+Pj4+Pj4+Pj4+Pj4+Pj4+Pj4+Pj4+Pj4+Pj4+Pj4+Pj4+Pj4+Pj4+Pj\/wAARCAAqACoDASIAAhEBAxEB\/8QAFwAAAwEAAAAAAAAAAAAAAAAAAAECA\/\/EABgQAQEBAQEAAAAAAAAAAAAAAAABERIC\/8QAFgEBAQEAAAAAAAAAAAAAAAAAAAIB\/8QAFhEBAQEAAAAAAAAAAAAAAAAAAAER\/9oADAMBAAIRAxEAPwDa+i1l0c9IW009Z6OmC9Gs+i6Bj0qemWnKobdFfSNFrGnfRdItToYY0BSVSjSCa2FUaqoFP\/\/Z');\" loading=\"lazy\" fetchpriority=\"low\" aria-hidden=\"true\" class=\"svelte-1pnmlwx rounded\" onload=\"this.__e=event\" onerror=\"this.__e=event\"\/><\/p>\n","protected":false},"excerpt":{"rendered":"Plus de 15.000 personnes ont b\u00e9n\u00e9fici\u00e9 cet \u00e9t\u00e9 de l&rsquo;aide alimentaire inconditionnelle propos\u00e9e par la ville avec le&hellip;\n","protected":false},"author":2,"featured_media":346961,"comment_status":"","ping_status":"","sticky":false,"template":"","format":"standard","meta":{"footnotes":""},"categories":[2820],"tags":[1111,11,1777,674,1011,27,775,12,25,640],"class_list":{"0":"post-346960","1":"post","2":"type-post","3":"status-publish","4":"format-standard","5":"has-post-thumbnail","7":"category-strasbourg","8":"tag-actu","9":"tag-actualites","10":"tag-eu","11":"tag-europe","12":"tag-fr","13":"tag-france","14":"tag-grand-est","15":"tag-news","16":"tag-republique-francaise","17":"tag-strasbourg"},"share_on_mastodon":{"url":"https:\/\/pubeurope.com\/@fr\/115099341635924277","error":""},"_links":{"self":[{"href":"https:\/\/www.europesays.com\/fr\/wp-json\/wp\/v2\/posts\/346960","targetHints":{"allow":["GET"]}}],"collection":[{"href":"https:\/\/www.europesays.com\/fr\/wp-json\/wp\/v2\/posts"}],"about":[{"href":"https:\/\/www.europesays.com\/fr\/wp-json\/wp\/v2\/types\/post"}],"author":[{"embeddable":true,"href":"https:\/\/www.europesays.com\/fr\/wp-json\/wp\/v2\/users\/2"}],"replies":[{"embeddable":true,"href":"https:\/\/www.europesays.com\/fr\/wp-json\/wp\/v2\/comments?post=346960"}],"version-history":[{"count":0,"href":"https:\/\/www.europesays.com\/fr\/wp-json\/wp\/v2\/posts\/346960\/revisions"}],"wp:featuredmedia":[{"embeddable":true,"href":"https:\/\/www.europesays.com\/fr\/wp-json\/wp\/v2\/media\/346961"}],"wp:attachment":[{"href":"https:\/\/www.europesays.com\/fr\/wp-json\/wp\/v2\/media?parent=346960"}],"wp:term":[{"taxonomy":"category","embeddable":true,"href":"https:\/\/www.europesays.com\/fr\/wp-json\/wp\/v2\/categories?post=346960"},{"taxonomy":"post_tag","embeddable":true,"href":"https:\/\/www.europesays.com\/fr\/wp-json\/wp\/v2\/tags?post=346960"}],"curies":[{"name":"wp","href":"https:\/\/api.w.org\/{rel}","templated":true}]}}