{"id":346964,"date":"2025-08-27T06:36:13","date_gmt":"2025-08-27T06:36:13","guid":{"rendered":"https:\/\/www.europesays.com\/fr\/346964\/"},"modified":"2025-08-27T06:36:13","modified_gmt":"2025-08-27T06:36:13","slug":"le-trafic-ferroviaire-interrompu-entre-nice-et-antibes-apres-un-accident-de-accident-a-villeneuve-loubet","status":"publish","type":"post","link":"https:\/\/www.europesays.com\/fr\/346964\/","title":{"rendered":"Le trafic ferroviaire interrompu entre Nice et Antibes apr\u00e8s un Accident de accident \u00e0 Villeneuve-Loubet"},"content":{"rendered":"<p>Un accident de personne s\u2019est produit ce mercredi 27 ao\u00fbt aux alentours de 7h30 \u00e0 hauteur de Villeneuve-Loubet, a indiqu\u00e9 la SNCF dans un message publi\u00e9 sur X (anciennement Twitter).<\/p>\n<p data-start=\"784\" data-end=\"1036\">\u00ab\u00a0Accident de personne \u00e0 Villeneuve Loubet. La circulation est interrompue dans les deux sens entre Nice et Antibes. Des retards et des suppressions sont \u00e0 pr\u00e9voir. Heure de reprise de la circulation estim\u00e9e \u00e0 9h40\u00a0\u00bb, pr\u00e9cise l\u2019op\u00e9rateur ferroviaire.<\/p>\n<p data-start=\"784\" data-end=\"1036\">Pas avant 9h40<\/p>\n<p data-start=\"1038\" data-end=\"1290\">En cons\u00e9quence, aucun train ne circule actuellement entre Nice et Antibes, un axe particuli\u00e8rement fr\u00e9quent\u00e9 aux heures de pointe. Les voyageurs sont invit\u00e9s \u00e0 se renseigner avant leur d\u00e9placement et \u00e0 pr\u00e9voir des solutions alternatives de transport.<\/p>\n<p data-start=\"1292\" data-end=\"1457\">La SNCF annonce une reprise progressive de la circulation aux alentours de 9h40, mais la situation pourrait entra\u00eener des perturbations tout au long de la matin\u00e9e.<\/p>\n","protected":false},"excerpt":{"rendered":"Un accident de personne s\u2019est produit ce mercredi 27 ao\u00fbt aux alentours de 7h30 \u00e0 hauteur de Villeneuve-Loubet,&hellip;\n","protected":false},"author":2,"featured_media":346965,"comment_status":"","ping_status":"","sticky":false,"template":"","format":"standard","meta":{"footnotes":""},"categories":[2819],"tags":[1111,11,1777,674,1011,27,12,2401,882,25,800],"class_list":{"0":"post-346964","1":"post","2":"type-post","3":"status-publish","4":"format-standard","5":"has-post-thumbnail","7":"category-nice","8":"tag-actu","9":"tag-actualites","10":"tag-eu","11":"tag-europe","12":"tag-fr","13":"tag-france","14":"tag-news","15":"tag-nice","16":"tag-provence-alpes-cote-dazur","17":"tag-republique-francaise","18":"tag-transports"},"share_on_mastodon":{"url":"https:\/\/pubeurope.com\/@fr\/115099348792581688","error":""},"_links":{"self":[{"href":"https:\/\/www.europesays.com\/fr\/wp-json\/wp\/v2\/posts\/346964","targetHints":{"allow":["GET"]}}],"collection":[{"href":"https:\/\/www.europesays.com\/fr\/wp-json\/wp\/v2\/posts"}],"about":[{"href":"https:\/\/www.europesays.com\/fr\/wp-json\/wp\/v2\/types\/post"}],"author":[{"embeddable":true,"href":"https:\/\/www.europesays.com\/fr\/wp-json\/wp\/v2\/users\/2"}],"replies":[{"embeddable":true,"href":"https:\/\/www.europesays.com\/fr\/wp-json\/wp\/v2\/comments?post=346964"}],"version-history":[{"count":0,"href":"https:\/\/www.europesays.com\/fr\/wp-json\/wp\/v2\/posts\/346964\/revisions"}],"wp:featuredmedia":[{"embeddable":true,"href":"https:\/\/www.europesays.com\/fr\/wp-json\/wp\/v2\/media\/346965"}],"wp:attachment":[{"href":"https:\/\/www.europesays.com\/fr\/wp-json\/wp\/v2\/media?parent=346964"}],"wp:term":[{"taxonomy":"category","embeddable":true,"href":"https:\/\/www.europesays.com\/fr\/wp-json\/wp\/v2\/categories?post=346964"},{"taxonomy":"post_tag","embeddable":true,"href":"https:\/\/www.europesays.com\/fr\/wp-json\/wp\/v2\/tags?post=346964"}],"curies":[{"name":"wp","href":"https:\/\/api.w.org\/{rel}","templated":true}]}}