{"id":346966,"date":"2025-08-27T06:37:15","date_gmt":"2025-08-27T06:37:15","guid":{"rendered":"https:\/\/www.europesays.com\/fr\/346966\/"},"modified":"2025-08-27T06:37:15","modified_gmt":"2025-08-27T06:37:15","slug":"jean-baptiste-hebraud-nouveau-directeur-general-des-services-de-centrale-nantes","status":"publish","type":"post","link":"https:\/\/www.europesays.com\/fr\/346966\/","title":{"rendered":"Jean-Baptiste Hebraud, nouveau directeur g\u00e9n\u00e9ral des services de Centrale Nantes"},"content":{"rendered":"<p>Jean-Baptiste Hebraud a \u00e9t\u00e9 nomm\u00e9 au poste de directeur g\u00e9n\u00e9ral des services de l\u2019\u00c9cole centrale de Nantes. Il succ\u00e8de \u00e0 Annabelle Wajs.<\/p>\n<p>                                                <img decoding=\"async\" loading=\"lazy\" src=\"https:\/\/www.europesays.com\/fr\/wp-content\/uploads\/2025\/08\/Jean-BaptisteHebraud-760x396-c-default.jpeg\"   width=\"760\" height=\"396\" alt=\"Jean-Baptiste Hebraud\" aria-describedby=\"caption-post-160187\"\/><\/p>\n<p id=\"caption-attachment-160187\" class=\"wp-caption-text\">Jean-Baptiste Hebraud, nouveau directeur g\u00e9n\u00e9ral des services de Centrale Nantes DR<\/p>\n<p>Changement de direction. Le Bulletin officiel de l\u2019enseignement sup\u00e9rieur et de la recherche fait part de la nomination de Jean-Baptiste Hebraud au poste de directeur g\u00e9n\u00e9ral des services de Centrale Nantes pour une prise de poste au 9\u00a0ao\u00fbt 2025. Rattach\u00e9e \u00e0 l\u2019\u00c9tat, sa fonction s\u2019\u00e9tend jusqu\u2019au 8\u00a0ao\u00fbt 2029. Il succ\u00e8de \u00e0 Annabelle Wajs qui quitte cette fonction apr\u00e8s onze ans et plus globalement seize ans de services au sein de l\u2019\u00e9cole.<\/p>\n<p>Avant d\u2019entamer un nouveau pan de sa carri\u00e8re dans les Pays de la Loire, Jean-Baptiste Hebraud exerce durant quatre ann\u00e9es \u00e0 l\u2019universit\u00e9 de la Polyn\u00e9sie fran\u00e7aise. Plus t\u00f4t, c\u2019est au sein de l\u2019universit\u00e9 Toulouse 1 Capitole qu\u2019il fait son chemin comme directeur des \u00e9tudes et de la scolarit\u00e9, puis directeur g\u00e9n\u00e9ral des services adjoint et enfin directeur g\u00e9n\u00e9ral des services. Dix ann\u00e9es symboliques pour celui qui conna\u00eet bien les bancs de cette \u00e9cole pour en \u00eatre sorti dipl\u00f4m\u00e9 d\u2019une ma\u00eetrise de droit, puis d\u2019un DEA science politique.<\/p>\n<p>Lire aussi :\u00a0<strong><a style=\"color: #0000ff;\" href=\"https:\/\/www.informateurjudiciaire.fr\/actualites\/une-nouvelle-chaire-industrielle-autour-des-technologies-navales\/\" target=\"_blank\" rel=\"noopener nofollow\">Une nouvelle chaire industrielle autour des technologies navales<\/a><\/strong><\/p>\n<p>\u00a0<\/p>\n","protected":false},"excerpt":{"rendered":"Jean-Baptiste Hebraud a \u00e9t\u00e9 nomm\u00e9 au poste de directeur g\u00e9n\u00e9ral des services de l\u2019\u00c9cole centrale de Nantes. Il&hellip;\n","protected":false},"author":2,"featured_media":346967,"comment_status":"","ping_status":"","sticky":false,"template":"","format":"standard","meta":{"footnotes":""},"categories":[2818],"tags":[1111,11,1777,674,1011,27,766,12,2636,25],"class_list":{"0":"post-346966","1":"post","2":"type-post","3":"status-publish","4":"format-standard","5":"has-post-thumbnail","7":"category-nantes","8":"tag-actu","9":"tag-actualites","10":"tag-eu","11":"tag-europe","12":"tag-fr","13":"tag-france","14":"tag-nantes","15":"tag-news","16":"tag-pays-de-la-loire","17":"tag-republique-francaise"},"share_on_mastodon":{"url":"https:\/\/pubeurope.com\/@fr\/115099353026374271","error":""},"_links":{"self":[{"href":"https:\/\/www.europesays.com\/fr\/wp-json\/wp\/v2\/posts\/346966","targetHints":{"allow":["GET"]}}],"collection":[{"href":"https:\/\/www.europesays.com\/fr\/wp-json\/wp\/v2\/posts"}],"about":[{"href":"https:\/\/www.europesays.com\/fr\/wp-json\/wp\/v2\/types\/post"}],"author":[{"embeddable":true,"href":"https:\/\/www.europesays.com\/fr\/wp-json\/wp\/v2\/users\/2"}],"replies":[{"embeddable":true,"href":"https:\/\/www.europesays.com\/fr\/wp-json\/wp\/v2\/comments?post=346966"}],"version-history":[{"count":0,"href":"https:\/\/www.europesays.com\/fr\/wp-json\/wp\/v2\/posts\/346966\/revisions"}],"wp:featuredmedia":[{"embeddable":true,"href":"https:\/\/www.europesays.com\/fr\/wp-json\/wp\/v2\/media\/346967"}],"wp:attachment":[{"href":"https:\/\/www.europesays.com\/fr\/wp-json\/wp\/v2\/media?parent=346966"}],"wp:term":[{"taxonomy":"category","embeddable":true,"href":"https:\/\/www.europesays.com\/fr\/wp-json\/wp\/v2\/categories?post=346966"},{"taxonomy":"post_tag","embeddable":true,"href":"https:\/\/www.europesays.com\/fr\/wp-json\/wp\/v2\/tags?post=346966"}],"curies":[{"name":"wp","href":"https:\/\/api.w.org\/{rel}","templated":true}]}}