{"id":346968,"date":"2025-08-27T06:38:17","date_gmt":"2025-08-27T06:38:17","guid":{"rendered":"https:\/\/www.europesays.com\/fr\/346968\/"},"modified":"2025-08-27T06:38:17","modified_gmt":"2025-08-27T06:38:17","slug":"loire-atlantique-hbc-nantes-romain-lagarde-vise-les-56-points-normal-pour-un-morbihannais","status":"publish","type":"post","link":"https:\/\/www.europesays.com\/fr\/346968\/","title":{"rendered":"Loire Atlantique &#8211; HBC Nantes. Romain Lagarde vise les 56 points, normal pour un Morbihannais\u00a0! ."},"content":{"rendered":"<tr wp_automatic_readability=\"6.86875\">\n<td valign=\"middle\" align=\"center\" class=\"col-logo\" wp_automatic_readability=\"5\">\n    <img decoding=\"async\" src=\"https:\/\/maville.com\/design\/images\/logo-of-monetise.svg?version=20130627\" alt=\"logo Ouest-France\" height=\"66\"\/><\/p>\n<p>Contenu r\u00e9serv\u00e9 aux abonn\u00e9s<\/p>\n<\/td>\n<td class=\"col-titre\">\n\t\t\tMercredi 27 ao\u00fbt 2025 06:58<br \/>\n\t\t\t<a class=\"icon-bulle sizeL count\" href=\"#ancreAvis\"><br \/>\n\t&#8230;<br \/>\n<\/a><\/td>\n<\/tr>\n<p>\t\t<a class=\"mavillebox2 elmt-photo\" href=\"https:\/\/maville.com\/photosmvi\/2025\/08\/27\/P35425803D6948366G.jpg\" title=\" Romain Lagarde veut retrouver la mire m\u00eame si l\u2019essentiel de son boulot va se d\u00e9rouler en d\u00e9fense.  \u00a9  Icon Sport  &lt;!--TAG-BLC credit--&gt;\" rel=\"galerie_actu noopener\" target=\"_blank\"><br \/>\n\t<img decoding=\"async\" src=\"https:\/\/www.europesays.com\/fr\/wp-content\/uploads\/2025\/08\/P35425803D6948366G_crop_640-330_.jpg\" alt=\"photo  romain lagarde veut retrouver la mire m\u00eame si l\u2019essentiel de son boulot va se d\u00e9rouler en d\u00e9fense.  \u00a9  icon sport \"\/><br \/>\n\t1<br \/>\n<\/a><\/p>\n<p class=\"elmt-legende\"> Romain Lagarde veut retrouver la mire m\u00eame si l\u2019essentiel de son boulot va se d\u00e9rouler en d\u00e9fense.  \u00a9  Icon Sport  <\/p>\n<p>\t\tLe HBC Nantes va conclure sa pr\u00e9paration avec la r\u00e9ception \u00e0 la H Arena des Croates de Zagreb, ce mercredi 27\u00a0ao\u00fbt (20\u00a0h). Revenu au H en cours de saison derni\u00e8re comme joker m\u00e9dical, Romain Lagarde embrasse, lui, son nouveau r\u00f4le d\u00e9fensif sur le poste trois avec envie m\u00eame s\u2019il doit y laisser de la gomme et se contenter d\u2019un temps de jeu plus limit\u00e9. Derni\u00e8re r\u00e9p\u00e9tition contre Zagreb avant le coup d\u2019envoi de la saison contre Bill\u00e8re mardi prochain en coupe de France.<\/p>\n<p><b>Cet article est r\u00e9serv\u00e9 aux abonn\u00e9s<\/b><\/p>\n<p>Pour un acc\u00e8s imm\u00e9diat, abonnez-vous<\/p>\n<p><b>1\u00e8re semaine offerte<\/b><\/p>\n<p>\t\t Christophe DELACROIX. \u00a0\u00a0<br \/>\n\t\tOuest-France<\/p>\n<p>Retrouvez d&rsquo;autres actus sur la commune de :<\/p>\n<p>\t\t&#13;<\/p>\n","protected":false},"excerpt":{"rendered":"Contenu r\u00e9serv\u00e9 aux abonn\u00e9s Mercredi 27 ao\u00fbt 2025 06:58 &#8230; 1 Romain Lagarde veut retrouver la mire m\u00eame&hellip;\n","protected":false},"author":2,"featured_media":346969,"comment_status":"","ping_status":"","sticky":false,"template":"","format":"standard","meta":{"footnotes":""},"categories":[2818],"tags":[1111,11,3809,1465,1777,674,63,1011,27,1792,1922,766,12,2636,25,479,4937,517,1470],"class_list":{"0":"post-346968","1":"post","2":"type-post","3":"status-publish","4":"format-standard","5":"has-post-thumbnail","7":"category-nantes","8":"tag-actu","9":"tag-actualites","10":"tag-ball","11":"tag-basket","12":"tag-eu","13":"tag-europe","14":"tag-football","15":"tag-fr","16":"tag-france","17":"tag-handball","18":"tag-info","19":"tag-nantes","20":"tag-news","21":"tag-pays-de-la-loire","22":"tag-republique-francaise","23":"tag-rugby","24":"tag-saint-brieuc","25":"tag-sport","26":"tag-volley"},"share_on_mastodon":{"url":"https:\/\/pubeurope.com\/@fr\/115099356838378012","error":""},"_links":{"self":[{"href":"https:\/\/www.europesays.com\/fr\/wp-json\/wp\/v2\/posts\/346968","targetHints":{"allow":["GET"]}}],"collection":[{"href":"https:\/\/www.europesays.com\/fr\/wp-json\/wp\/v2\/posts"}],"about":[{"href":"https:\/\/www.europesays.com\/fr\/wp-json\/wp\/v2\/types\/post"}],"author":[{"embeddable":true,"href":"https:\/\/www.europesays.com\/fr\/wp-json\/wp\/v2\/users\/2"}],"replies":[{"embeddable":true,"href":"https:\/\/www.europesays.com\/fr\/wp-json\/wp\/v2\/comments?post=346968"}],"version-history":[{"count":0,"href":"https:\/\/www.europesays.com\/fr\/wp-json\/wp\/v2\/posts\/346968\/revisions"}],"wp:featuredmedia":[{"embeddable":true,"href":"https:\/\/www.europesays.com\/fr\/wp-json\/wp\/v2\/media\/346969"}],"wp:attachment":[{"href":"https:\/\/www.europesays.com\/fr\/wp-json\/wp\/v2\/media?parent=346968"}],"wp:term":[{"taxonomy":"category","embeddable":true,"href":"https:\/\/www.europesays.com\/fr\/wp-json\/wp\/v2\/categories?post=346968"},{"taxonomy":"post_tag","embeddable":true,"href":"https:\/\/www.europesays.com\/fr\/wp-json\/wp\/v2\/tags?post=346968"}],"curies":[{"name":"wp","href":"https:\/\/api.w.org\/{rel}","templated":true}]}}