{"id":346976,"date":"2025-08-27T06:42:11","date_gmt":"2025-08-27T06:42:11","guid":{"rendered":"https:\/\/www.europesays.com\/fr\/346976\/"},"modified":"2025-08-27T06:42:11","modified_gmt":"2025-08-27T06:42:11","slug":"les-freres-jacquard-fetent-10-ans-de-jacquardie-au-bijou-de-toulouse","status":"publish","type":"post","link":"https:\/\/www.europesays.com\/fr\/346976\/","title":{"rendered":"Les Fr\u00e8res Jacquard F\u00eatent 10 Ans de \u00ab\u00a0Jacquardie\u00a0\u00bb au Bijou de Toulouse !"},"content":{"rendered":"<p><b>Toulouse, pr\u00e9parez-vous pour une soir\u00e9e de musique et de fous rires ! Les Fr\u00e8res Jacquard, les rois du d\u00e9tournement musical, c\u00e9l\u00e8brent leurs 10 ans de carri\u00e8re avec un \u00ab\u00a0Bestoufle\u00a0\u00bb de leurs plus grands succ\u00e8s au Bijou les vendredi 19 et samedi 20 septembre 2025 \u00e0 21h00.<\/b><\/p>\n<p><img loading=\"lazy\" decoding=\"async\" class=\"size-medium wp-image-902068 aligncenter\" src=\"https:\/\/www.europesays.com\/fr\/wp-content\/uploads\/2025\/08\/Les-Freres-Jacquard-Google-Chrome-215x300.jpg.webp.webp\" alt=\"\" width=\"215\" height=\"300\"  \/><\/p>\n<p>Il y a dix ans, les Fr\u00e8res Jacquard descendaient les pentes abruptes des C\u00e9vennes avec une seule mission : partager leur passion de la musique et du d\u00e9tournement. Depuis, ils ont su cr\u00e9er un univers unique, peupl\u00e9 de chansons hilarantes et de reprises d\u00e9cal\u00e9es, f\u00e9d\u00e9rant une v\u00e9ritable communaut\u00e9 de \u00ab\u00a0connaisseurs\u00a0\u00bb.<\/p>\n<p>Pour cette occasion sp\u00e9ciale, ils offriront un \u00ab\u00a0Bestoufle\u00a0\u00bb \u00e0 leur public fid\u00e8le et aux futurs adeptes de la \u00ab\u00a0Jacquardie\u00a0\u00bb. Un pot-pourri de leurs \u0153uvres les plus c\u00e9l\u00e8bres, qui promet d\u2019\u00eatre un v\u00e9ritable feu d\u2019artifice de bonne humeur ! De <b>\u00ab\u00a0Still lovin\u2019 ze sud\u00a0\u00bb<\/b> \u00e0 <b>\u00ab\u00a0Bourvana\u00a0\u00bb<\/b>, en passant par <b>\u00ab\u00a0Moustaki\u00a0\u00bb<\/b> et <b>\u00ab\u00a0Queen Cordy\u00a0\u00bb<\/b>, il n\u2019y aura que des \u00ab\u00a0tubes label LFJ\u00a0\u00bb dans ce spectacle anniversaire.<\/p>\n<p>Que vous les suiviez depuis leurs d\u00e9buts ou que vous ayez envie de d\u00e9couvrir leur univers, ce concert est un rendez-vous \u00e0 ne pas manquer pour une soir\u00e9e pleine de surprises, de rires et de m\u00e9lodies entra\u00eenantes.<\/p>\n<p>Informations pratiques :<\/p>\n<ul>\n<li><b>Artistes :<\/b> Les Fr\u00e8res Jacquard<\/li>\n<li><b>\u00c9v\u00e9nement :<\/b> \u00ab\u00a0Bestoufle\u00a0\u00bb pour les 10 ans<\/li>\n<li><b>Dates :<\/b> Vendredi 19 et Samedi 20 septembre 2025<\/li>\n<li><b>Heure :<\/b> 21h00<\/li>\n<li><b>Lieu :<\/b> Le Bijou, Toulouse<\/li>\n<li><b>Tarifs :<\/b> 20 \u20ac et 18 \u20ac<\/li>\n<li><b>Billetterie :<\/b> <a href=\"https:\/\/www.le-bijou.net\/lesfreresjacquard\" target=\"_blank\" rel=\"noopener nofollow\">Le Bijou<\/a><\/li>\n<\/ul>\n","protected":false},"excerpt":{"rendered":"Toulouse, pr\u00e9parez-vous pour une soir\u00e9e de musique et de fous rires ! Les Fr\u00e8res Jacquard, les rois du&hellip;\n","protected":false},"author":2,"featured_media":346977,"comment_status":"","ping_status":"","sticky":false,"template":"","format":"standard","meta":{"footnotes":""},"categories":[2816],"tags":[1111,11,1777,674,1011,27,12,2680,25,2312],"class_list":{"0":"post-346976","1":"post","2":"type-post","3":"status-publish","4":"format-standard","5":"has-post-thumbnail","7":"category-toulouse","8":"tag-actu","9":"tag-actualites","10":"tag-eu","11":"tag-europe","12":"tag-fr","13":"tag-france","14":"tag-news","15":"tag-occitanie","16":"tag-republique-francaise","17":"tag-toulouse"},"share_on_mastodon":{"url":"https:\/\/pubeurope.com\/@fr\/115099372396200490","error":""},"_links":{"self":[{"href":"https:\/\/www.europesays.com\/fr\/wp-json\/wp\/v2\/posts\/346976","targetHints":{"allow":["GET"]}}],"collection":[{"href":"https:\/\/www.europesays.com\/fr\/wp-json\/wp\/v2\/posts"}],"about":[{"href":"https:\/\/www.europesays.com\/fr\/wp-json\/wp\/v2\/types\/post"}],"author":[{"embeddable":true,"href":"https:\/\/www.europesays.com\/fr\/wp-json\/wp\/v2\/users\/2"}],"replies":[{"embeddable":true,"href":"https:\/\/www.europesays.com\/fr\/wp-json\/wp\/v2\/comments?post=346976"}],"version-history":[{"count":0,"href":"https:\/\/www.europesays.com\/fr\/wp-json\/wp\/v2\/posts\/346976\/revisions"}],"wp:featuredmedia":[{"embeddable":true,"href":"https:\/\/www.europesays.com\/fr\/wp-json\/wp\/v2\/media\/346977"}],"wp:attachment":[{"href":"https:\/\/www.europesays.com\/fr\/wp-json\/wp\/v2\/media?parent=346976"}],"wp:term":[{"taxonomy":"category","embeddable":true,"href":"https:\/\/www.europesays.com\/fr\/wp-json\/wp\/v2\/categories?post=346976"},{"taxonomy":"post_tag","embeddable":true,"href":"https:\/\/www.europesays.com\/fr\/wp-json\/wp\/v2\/tags?post=346976"}],"curies":[{"name":"wp","href":"https:\/\/api.w.org\/{rel}","templated":true}]}}