{"id":346978,"date":"2025-08-27T06:43:08","date_gmt":"2025-08-27T06:43:08","guid":{"rendered":"https:\/\/www.europesays.com\/fr\/346978\/"},"modified":"2025-08-27T06:43:08","modified_gmt":"2025-08-27T06:43:08","slug":"lille-douai-roubaix-la-caf-recrute-dans-six-de-ses-agences-du-nord-en-cette-rentree-2025","status":"publish","type":"post","link":"https:\/\/www.europesays.com\/fr\/346978\/","title":{"rendered":"Lille, Douai, Roubaix&#8230; La CAF recrute dans six de ses agences du Nord en cette rentr\u00e9e 2025"},"content":{"rendered":"<p>            Par<br \/>\n        <strong><br \/>\n            <a href=\"https:\/\/actu.fr\/auteur\/margot-nicodeme\" title=\"Consulter tous les articles de Margot Nicod\u00e8me\" rel=\"nofollow noopener\" target=\"_blank\">Margot Nicod\u00e8me<\/a><br \/>\n        <\/strong><\/p>\n<p>        Publi\u00e9 le<\/p>\n<p>            27 ao\u00fbt 2025 \u00e0 8h16        <\/p>\n<p>Alerte emploi, au sein d\u2019une structure connue de tous. La Caisse d\u2019allocations familiales (<a href=\"https:\/\/actu.fr\/tag\/caf\" rel=\"nofollow noopener\" target=\"_blank\">CAF<\/a>) <b>recrute dans le Nord<\/b>, en <a href=\"https:\/\/actu.fr\/hauts-de-france\/lille_59350\/lille-ce-quil-faut-savoir-avant-la-rentree-des-classes-2025_63074139.html\" rel=\"nofollow noopener\" target=\"_blank\">cette rentr\u00e9e 2025<\/a>, dans de grands p\u00f4les urbains. <b>Des techniciens sont recherch\u00e9s<\/b> dans six agences du d\u00e9partement : Lille, Douai, Dunkerque, Roubaix, Tourcoing, Valenciennes, \u00e0 compter d\u2019octobre.<\/p>\n<p>La CAF recrute dans le Nord sur 12 postes de techniciens<\/p>\n<p class=\" wall-content\">Il s\u2019agit plus pr\u00e9cis\u00e9ment de 12 postes de techniciens (et techniciennes) des services aux usagers, qui consistent \u00e0 accompagner les allocataires, par t\u00e9l\u00e9phone, en personne \u00e0 l\u2019accueil ou par courriel. Mais aussi \u00e0 promouvoir les services de la CAF, notamment ceux en ligne, pour faciliter les d\u00e9marches. L\u2019objectif, \u00ab\u00a0assurer une qualit\u00e9 de service optimale\u00a0\u00bb, d\u00e9crit l\u2019annonce, <a href=\"https:\/\/www.lasecurecrute.fr\/offre-emploi\/12-techniciens-des-services-a-l-usager\/hauts-de-france\/1040752\" rel=\"nofollow noopener\" target=\"_blank\">\u00e0 retrouver sur le site<\/a> de la S\u00e9curit\u00e9 sociale.<\/p>\n<p class=\" wall-content\">Il s\u2019agit de contrats \u00e0 dur\u00e9e d\u00e9termin\u00e9e\u00a0\u00e0\u00a0temps plein, \u00ab\u00a0dans le cadre d\u2019un surcroit d\u2019activit\u00e9 pour une dur\u00e9e de 5 mois et 3 semaines (3 mois renouvelables 2 mois et 3 semaines) \u00e0 compter du 6 octobre 2025. En postulant, il convient d\u2019indiquer l\u2019ordre de pr\u00e9f\u00e9rence des agences concern\u00e9es par cette vague de recrutement.<\/p>\n<p class=\" wall-content\">Les qualit\u00e9s recherch\u00e9es sont un bon sens du relationnel, l\u2019esprit d\u2019\u00e9quipe et la capacit\u00e9 \u00e0 \u00eatre polyvalent, en plus de savoir se montrer \u00e0 l\u2019\u00e9coute. Pour r\u00e9pondre \u00e0 l\u2019annonce, c\u2019est <a href=\"https:\/\/www.lasecurecrute.fr\/offre-emploi\/12-techniciens-des-services-a-l-usager\/hauts-de-france\/1040752\" rel=\"nofollow noopener\" target=\"_blank\">ICI<\/a>. Il est demand\u00e9 de faire parvenir un CV et une lettre de motivation au pr\u00e9alable, avant<b> une r\u00e9union d\u2019information obligatoire le 5 septembre 2025<\/b>. Ne tardez pas !<\/p>\n<p class=\" wall-content\">Personnalisez votre actualit\u00e9 en ajoutant vos villes et m\u00e9dias en favori avec <a href=\"https:\/\/moncompte.actu.fr\" title=\"D\u00e9couvez Mon Actu\" rel=\"nofollow noopener\" data-trk=\"{&quot;cta&quot;:{&quot;action&quot;:&quot;https:\\\/\\\/moncompte.actu.fr&quot;,&quot;category&quot;:&quot;mon compte&quot;,&quot;from&quot;:&quot;article footer&quot;,&quot;name&quot;:&quot;Mon actu&quot;,&quot;type&quot;:&quot;cta&quot;}}\" target=\"_blank\">Mon Actu<\/a>.<\/p>\n","protected":false},"excerpt":{"rendered":"Par Margot Nicod\u00e8me Publi\u00e9 le 27 ao\u00fbt 2025 \u00e0 8h16 Alerte emploi, au sein d\u2019une structure connue de&hellip;\n","protected":false},"author":2,"featured_media":346979,"comment_status":"","ping_status":"","sticky":false,"template":"","format":"standard","meta":{"footnotes":""},"categories":[2815],"tags":[1111,11,20504,341,1777,674,1011,27,811,1307,12,25,104],"class_list":{"0":"post-346978","1":"post","2":"type-post","3":"status-publish","4":"format-standard","5":"has-post-thumbnail","7":"category-lille","8":"tag-actu","9":"tag-actualites","10":"tag-caf","11":"tag-emploi","12":"tag-eu","13":"tag-europe","14":"tag-fr","15":"tag-france","16":"tag-hauts-de-france","17":"tag-lille","18":"tag-news","19":"tag-republique-francaise","20":"tag-societe"},"share_on_mastodon":{"url":"https:\/\/pubeurope.com\/@fr\/115099376233203209","error":""},"_links":{"self":[{"href":"https:\/\/www.europesays.com\/fr\/wp-json\/wp\/v2\/posts\/346978","targetHints":{"allow":["GET"]}}],"collection":[{"href":"https:\/\/www.europesays.com\/fr\/wp-json\/wp\/v2\/posts"}],"about":[{"href":"https:\/\/www.europesays.com\/fr\/wp-json\/wp\/v2\/types\/post"}],"author":[{"embeddable":true,"href":"https:\/\/www.europesays.com\/fr\/wp-json\/wp\/v2\/users\/2"}],"replies":[{"embeddable":true,"href":"https:\/\/www.europesays.com\/fr\/wp-json\/wp\/v2\/comments?post=346978"}],"version-history":[{"count":0,"href":"https:\/\/www.europesays.com\/fr\/wp-json\/wp\/v2\/posts\/346978\/revisions"}],"wp:featuredmedia":[{"embeddable":true,"href":"https:\/\/www.europesays.com\/fr\/wp-json\/wp\/v2\/media\/346979"}],"wp:attachment":[{"href":"https:\/\/www.europesays.com\/fr\/wp-json\/wp\/v2\/media?parent=346978"}],"wp:term":[{"taxonomy":"category","embeddable":true,"href":"https:\/\/www.europesays.com\/fr\/wp-json\/wp\/v2\/categories?post=346978"},{"taxonomy":"post_tag","embeddable":true,"href":"https:\/\/www.europesays.com\/fr\/wp-json\/wp\/v2\/tags?post=346978"}],"curies":[{"name":"wp","href":"https:\/\/api.w.org\/{rel}","templated":true}]}}