{"id":346980,"date":"2025-08-27T06:44:11","date_gmt":"2025-08-27T06:44:11","guid":{"rendered":"https:\/\/www.europesays.com\/fr\/346980\/"},"modified":"2025-08-27T06:44:11","modified_gmt":"2025-08-27T06:44:11","slug":"le-journal-de-8h-du-mercredi-27-aout-2025","status":"publish","type":"post","link":"https:\/\/www.europesays.com\/fr\/346980\/","title":{"rendered":"Le journal de 8h du mercredi 27 ao\u00fbt 2025"},"content":{"rendered":"<p><img loading=\"lazy\" decoding=\"async\" src=\"https:\/\/www.europesays.com\/fr\/wp-content\/uploads\/2025\/08\/Le-journal-de-8h-du-mercredi-27-aout-2025-2127668.webp.webp\" width=\"1200\" height=\"675\" alt=\"placeholder video\"\/><\/p>\n<p>Bonjour Lille pr\u00e9sent\u00e9e par Xavier Silly, c\u2019est le rendez-vous info en direct pour d\u00e9marrer la journ\u00e9e avec un tour de l\u2019actualit\u00e9 locale, la m\u00e9t\u00e9o, les conditions de circulation et un journal d\u00e9di\u00e9 \u00e0 la m\u00e9tropole. Au sommaire : \u00c0 Dourges, on roule d\u00e9sormais \u00e0 300km\/h. Boulogne, les agriculteurs manquent d\u2019eau. PDC, une famille envahie par les cafards.<\/p>\n<p>Aujourd&rsquo;hui \u00e0 08h18 | Dur\u00e9e : 12:23<\/p>\n","protected":false},"excerpt":{"rendered":"Bonjour Lille pr\u00e9sent\u00e9e par Xavier Silly, c\u2019est le rendez-vous info en direct pour d\u00e9marrer la journ\u00e9e avec un&hellip;\n","protected":false},"author":2,"featured_media":346981,"comment_status":"","ping_status":"","sticky":false,"template":"","format":"standard","meta":{"footnotes":""},"categories":[2815],"tags":[1111,11,1777,674,1011,27,811,1307,12,25],"class_list":{"0":"post-346980","1":"post","2":"type-post","3":"status-publish","4":"format-standard","5":"has-post-thumbnail","7":"category-lille","8":"tag-actu","9":"tag-actualites","10":"tag-eu","11":"tag-europe","12":"tag-fr","13":"tag-france","14":"tag-hauts-de-france","15":"tag-lille","16":"tag-news","17":"tag-republique-francaise"},"share_on_mastodon":{"url":"https:\/\/pubeurope.com\/@fr\/115099380201296157","error":""},"_links":{"self":[{"href":"https:\/\/www.europesays.com\/fr\/wp-json\/wp\/v2\/posts\/346980","targetHints":{"allow":["GET"]}}],"collection":[{"href":"https:\/\/www.europesays.com\/fr\/wp-json\/wp\/v2\/posts"}],"about":[{"href":"https:\/\/www.europesays.com\/fr\/wp-json\/wp\/v2\/types\/post"}],"author":[{"embeddable":true,"href":"https:\/\/www.europesays.com\/fr\/wp-json\/wp\/v2\/users\/2"}],"replies":[{"embeddable":true,"href":"https:\/\/www.europesays.com\/fr\/wp-json\/wp\/v2\/comments?post=346980"}],"version-history":[{"count":0,"href":"https:\/\/www.europesays.com\/fr\/wp-json\/wp\/v2\/posts\/346980\/revisions"}],"wp:featuredmedia":[{"embeddable":true,"href":"https:\/\/www.europesays.com\/fr\/wp-json\/wp\/v2\/media\/346981"}],"wp:attachment":[{"href":"https:\/\/www.europesays.com\/fr\/wp-json\/wp\/v2\/media?parent=346980"}],"wp:term":[{"taxonomy":"category","embeddable":true,"href":"https:\/\/www.europesays.com\/fr\/wp-json\/wp\/v2\/categories?post=346980"},{"taxonomy":"post_tag","embeddable":true,"href":"https:\/\/www.europesays.com\/fr\/wp-json\/wp\/v2\/tags?post=346980"}],"curies":[{"name":"wp","href":"https:\/\/api.w.org\/{rel}","templated":true}]}}