{"id":346985,"date":"2025-08-27T06:47:08","date_gmt":"2025-08-27T06:47:08","guid":{"rendered":"https:\/\/www.europesays.com\/fr\/346985\/"},"modified":"2025-08-27T06:47:08","modified_gmt":"2025-08-27T06:47:08","slug":"la-premiere-ferme-metropolitaine-installee-a-chassieu-elle-va-nourrir-38-cantines-de-colleges","status":"publish","type":"post","link":"https:\/\/www.europesays.com\/fr\/346985\/","title":{"rendered":"la premi\u00e8re ferme m\u00e9tropolitaine install\u00e9e \u00e0 Chassieu, elle va nourrir 38 cantines de coll\u00e8ges"},"content":{"rendered":"<p itemprop=\"description\"><strong>Ce sont 38 coll\u00e8ges de l\u2019agglom\u00e9ration lyonnaise qui vont pouvoir b\u00e9n\u00e9ficier de fruits et l\u00e9gumes de cette nouvelle ferme.<\/strong><\/p>\n<p>Ce mardi 26 ao\u00fbt, la M\u00e9tropole de Lyon a inaugur\u00e9 sa premi\u00e8re ferme en r\u00e9gie agricole du territoire avec le concours de la Compagnie Nationale du Rh\u00f4ne (CNR), \u00e0 Chassieu dans l&rsquo;Est lyonnais. Cette ferme a d\u00e9sormais pour objectif d\u2019apporter plusieurs tonnes de fruits et l\u00e9gumes aux 38 cantines de coll\u00e8ges en r\u00e9gie et \u00e0 la restauration collective m\u00e9tropolitaine.<\/p>\n<p>\u00c0 quelques jours de la rentr\u00e9e scolaire, les coll\u00e9giens pourront d\u00e9j\u00e0 d\u00e9guster des tomates, du melon, ainsi que plusieurs vari\u00e9t\u00e9s de l\u00e9gumes.<\/p>\n<p>\u00ab\u00a0Les premi\u00e8res r\u00e9coltes viendront d\u00e9j\u00e0 compl\u00e9ter l\u2019alimentation de nos coll\u00e9giens et de nos agents, et dans les ann\u00e9es \u00e0 venir, ce site renforcera durablement l\u2019approvisionnement en produits bio et locaux, accessibles \u00e0 tous\u00a0\u00bb, a r\u00e9agi <a href=\"https:\/\/www.lyonmag.com\/profil-personnalite-lyonnaise\/518\/bruno-bernard\" target=\"_blank\" rel=\"noopener nofollow\">Bruno Bernard<\/a>, pr\u00e9sident de la M\u00e9tropole de Lyon. L\u2019objectif de ce dernier est d\u2019atteindre le 100% bio et 50% local dans les prochaines ann\u00e9es.<\/p>\n<p>Laurence Borie-Bancel, pr\u00e9sidente de la CNR, a \u00e9galement apport\u00e9 un message d\u2019espoir : \u00ab\u00a0Cette ferme ne contribuera pas seulement \u00e0 relocaliser la production de fruits et l\u00e9gumes biologiques de qualit\u00e9, destin\u00e9s aux assiettes de nos coll\u00e9giens. Elle permettra aussi d\u2019\u00e9veiller et de former cette nouvelle g\u00e9n\u00e9ration \u00e0 une agriculture soutenable pour les d\u00e9cennies \u00e0 venir\u00a0\u00bb.<\/p>\n<p>Ce projet va co\u00fbter au total pr\u00e8s de 2,3 millions d\u2019euros \u00e0 la M\u00e9tropole, tandis que 355 000 euros seront investis par la CNR. Pour entretenir la ferme, il faut compter plus de 80 000 euros par an.<\/p>\n","protected":false},"excerpt":{"rendered":"Ce sont 38 coll\u00e8ges de l\u2019agglom\u00e9ration lyonnaise qui vont pouvoir b\u00e9n\u00e9ficier de fruits et l\u00e9gumes de cette nouvelle&hellip;\n","protected":false},"author":2,"featured_media":346986,"comment_status":"","ping_status":"","sticky":false,"template":"","format":"standard","meta":{"footnotes":""},"categories":[1889],"tags":[1111,11,2813,2190,2430,1109,251,1112,2811,1777,674,118,1011,27,1922,1110,1114,2428,2810,12,241,316,25,2812,517,800],"class_list":{"0":"post-346985","1":"post","2":"type-post","3":"status-publish","4":"format-standard","5":"has-post-thumbnail","7":"category-lyon","8":"tag-actu","9":"tag-actualites","10":"tag-article","11":"tag-asvel","12":"tag-auvergne-rhone-alpes","13":"tag-breves","14":"tag-culture","15":"tag-depeches","16":"tag-economique","17":"tag-eu","18":"tag-europe","19":"tag-faits-divers","20":"tag-fr","21":"tag-france","22":"tag-info","23":"tag-informations","24":"tag-infos","25":"tag-lyon","26":"tag-lyonmag","27":"tag-news","28":"tag-ol","29":"tag-politique","30":"tag-republique-francaise","31":"tag-sociale","32":"tag-sport","33":"tag-transports"},"share_on_mastodon":{"url":"https:\/\/pubeurope.com\/@fr\/115099391931880580","error":""},"_links":{"self":[{"href":"https:\/\/www.europesays.com\/fr\/wp-json\/wp\/v2\/posts\/346985","targetHints":{"allow":["GET"]}}],"collection":[{"href":"https:\/\/www.europesays.com\/fr\/wp-json\/wp\/v2\/posts"}],"about":[{"href":"https:\/\/www.europesays.com\/fr\/wp-json\/wp\/v2\/types\/post"}],"author":[{"embeddable":true,"href":"https:\/\/www.europesays.com\/fr\/wp-json\/wp\/v2\/users\/2"}],"replies":[{"embeddable":true,"href":"https:\/\/www.europesays.com\/fr\/wp-json\/wp\/v2\/comments?post=346985"}],"version-history":[{"count":0,"href":"https:\/\/www.europesays.com\/fr\/wp-json\/wp\/v2\/posts\/346985\/revisions"}],"wp:featuredmedia":[{"embeddable":true,"href":"https:\/\/www.europesays.com\/fr\/wp-json\/wp\/v2\/media\/346986"}],"wp:attachment":[{"href":"https:\/\/www.europesays.com\/fr\/wp-json\/wp\/v2\/media?parent=346985"}],"wp:term":[{"taxonomy":"category","embeddable":true,"href":"https:\/\/www.europesays.com\/fr\/wp-json\/wp\/v2\/categories?post=346985"},{"taxonomy":"post_tag","embeddable":true,"href":"https:\/\/www.europesays.com\/fr\/wp-json\/wp\/v2\/tags?post=346985"}],"curies":[{"name":"wp","href":"https:\/\/api.w.org\/{rel}","templated":true}]}}