{"id":346987,"date":"2025-08-27T06:48:12","date_gmt":"2025-08-27T06:48:12","guid":{"rendered":"https:\/\/www.europesays.com\/fr\/346987\/"},"modified":"2025-08-27T06:48:12","modified_gmt":"2025-08-27T06:48:12","slug":"ect-aviation-base-un-bn2t-4s-islander-a-lyon-bron","status":"publish","type":"post","link":"https:\/\/www.europesays.com\/fr\/346987\/","title":{"rendered":"ECT Aviation base un BN2T-4S Islander \u00e0 Lyon-Bron"},"content":{"rendered":"<p>La compagnie irlandaise ECT Aviation, bas\u00e9e \u00e0 Lyon-Bron, a acquis son premier Britten-Norman BN2T-4S Islander, d\u00e9di\u00e9 au transport de fret sensible entre l&rsquo;Europe et l&rsquo;Afrique du Nord. Son entr\u00e9e en service est pr\u00e9vue pour fin 2025.<\/p>\n<p>Bas\u00e9e sur l\u2019a\u00e9roport d\u2019affaires Lyon Bron (LFLY) et enregistr\u00e9e \u00e0 Dublin, ECT exploite actuellement un Pilatus PC-12 NGX en aviation d\u2019affaires et pour des op\u00e9rations sanitaires en Europe. En faisant entr\u00e9e dans sa flotte un BN2T-4S Islander, la compagnie se positionne sur le march\u00e9 du fret r\u00e9gulier. Elle pr\u00e9voit de d\u00e9buter cette nouvelle activit\u00e9 fin 2025, dans la foul\u00e9e de la livraison de l\u2019appareil cet automne. Les op\u00e9rations seront men\u00e9es sous le couvert d\u2019un certificat d\u2019exploitation&#8230;<\/p>\n","protected":false},"excerpt":{"rendered":"La compagnie irlandaise ECT Aviation, bas\u00e9e \u00e0 Lyon-Bron, a acquis son premier Britten-Norman BN2T-4S Islander, d\u00e9di\u00e9 au transport&hellip;\n","protected":false},"author":2,"featured_media":346988,"comment_status":"","ping_status":"","sticky":false,"template":"","format":"standard","meta":{"footnotes":""},"categories":[1889],"tags":[1111,11,2430,48303,48304,1777,674,1011,27,2428,12,25,48305],"class_list":{"0":"post-346987","1":"post","2":"type-post","3":"status-publish","4":"format-standard","5":"has-post-thumbnail","7":"category-lyon","8":"tag-actu","9":"tag-actualites","10":"tag-auvergne-rhone-alpes","11":"tag-bn2t-4s","12":"tag-britten-norman","13":"tag-eu","14":"tag-europe","15":"tag-fr","16":"tag-france","17":"tag-lyon","18":"tag-news","19":"tag-republique-francaise","20":"tag-stol"},"share_on_mastodon":{"url":"https:\/\/pubeurope.com\/@fr\/115099395931412144","error":""},"_links":{"self":[{"href":"https:\/\/www.europesays.com\/fr\/wp-json\/wp\/v2\/posts\/346987","targetHints":{"allow":["GET"]}}],"collection":[{"href":"https:\/\/www.europesays.com\/fr\/wp-json\/wp\/v2\/posts"}],"about":[{"href":"https:\/\/www.europesays.com\/fr\/wp-json\/wp\/v2\/types\/post"}],"author":[{"embeddable":true,"href":"https:\/\/www.europesays.com\/fr\/wp-json\/wp\/v2\/users\/2"}],"replies":[{"embeddable":true,"href":"https:\/\/www.europesays.com\/fr\/wp-json\/wp\/v2\/comments?post=346987"}],"version-history":[{"count":0,"href":"https:\/\/www.europesays.com\/fr\/wp-json\/wp\/v2\/posts\/346987\/revisions"}],"wp:featuredmedia":[{"embeddable":true,"href":"https:\/\/www.europesays.com\/fr\/wp-json\/wp\/v2\/media\/346988"}],"wp:attachment":[{"href":"https:\/\/www.europesays.com\/fr\/wp-json\/wp\/v2\/media?parent=346987"}],"wp:term":[{"taxonomy":"category","embeddable":true,"href":"https:\/\/www.europesays.com\/fr\/wp-json\/wp\/v2\/categories?post=346987"},{"taxonomy":"post_tag","embeddable":true,"href":"https:\/\/www.europesays.com\/fr\/wp-json\/wp\/v2\/tags?post=346987"}],"curies":[{"name":"wp","href":"https:\/\/api.w.org\/{rel}","templated":true}]}}