{"id":346998,"date":"2025-08-27T06:56:10","date_gmt":"2025-08-27T06:56:10","guid":{"rendered":"https:\/\/www.europesays.com\/fr\/346998\/"},"modified":"2025-08-27T06:56:10","modified_gmt":"2025-08-27T06:56:10","slug":"un-signal-fort-de-soutien-face-aux-menaces-russes","status":"publish","type":"post","link":"https:\/\/www.europesays.com\/fr\/346998\/","title":{"rendered":"un \u00ab\u00a0signal fort\u00a0\u00bb de soutien face aux \u00ab\u00a0menaces\u00a0\u00bb russes"},"content":{"rendered":"<p>Et ce \u00e0 la veille du d\u00e9but de la <a href=\"https:\/\/www.sudouest.fr\/international\/europe\/moldavie-des-elections-legislatives-prevues-le-28-septembre-pour-confirmer-la-voie-europeenne-24076156.php\" rel=\"nofollow noopener\" target=\"_blank\">campagne officielle pour les \u00e9lections l\u00e9gislatives de fin septembre<\/a>, \u00e9lections que la Moldavie et ses alli\u00e9s europ\u00e9ens estiment troubl\u00e9es par des ing\u00e9rences de Moscou visant \u00e0 faire basculer dans son camp cet \u00c9tat candidat \u00e0 l\u2019entr\u00e9e dans l\u2019Union europ\u00e9enne, frontalier et solidaire de l\u2019Ukraine en guerre. \u00ab\u00a0C\u2019est une d\u00e9monstration de soutien \u00e0 la Moldavie de la part des dirigeants europ\u00e9ens au moment o\u00f9 la Russie accro\u00eet ses ing\u00e9rences avant des \u00e9lections cruciales\u00a0\u00bb, a d\u00e9clar\u00e9 la pr\u00e9sidence moldave.<\/p>\n<p>\u00ab\u00a0Intimidation\u00a0\u00bb et \u00ab\u00a0entraves \u00e0 la souverainet\u00e9\u00a0\u00bb<\/p>\n<p>Attendu dans l\u2019apr\u00e8s-midi, le trio s\u2019adressera \u00e0 la presse en compagnie de la cheffe de l\u2019\u00c9tat moldave Maia Sandu, avant un d\u00eener puis des discours pendant les c\u00e9l\u00e9brations officielles sur la place de l\u2019Ind\u00e9pendance, ponctu\u00e9es d\u2019un concert. Macron, Merz et Tusk entendent r\u00e9affirmer leur \u00ab\u00a0soutien \u00e0 l\u2019ind\u00e9pendance, \u00e0 la souverainet\u00e9, \u00e0 l\u2019int\u00e9grit\u00e9 territoriale de la Moldavie\u00a0\u00bb, a expliqu\u00e9 \u00e0 des journalistes un conseiller du pr\u00e9sident fran\u00e7ais. Soutien aussi \u00e0 sa \u00ab\u00a0trajectoire europ\u00e9enne\u00a0\u00bb dans le cadre des n\u00e9gociations d\u2019adh\u00e9sion \u00e0 l\u2019UE ouvertes en juin 2024.<\/p>\n<p>\u00ab\u00a0On ne peut pas faire abstraction\u00a0\u00bb des \u00ab\u00a0cons\u00e9quences de la guerre d\u2019agression de la Russie contre l\u2019Ukraine, qui touche au premier chef la Moldavie\u00a0\u00bb, a-t-il ajout\u00e9. \u00ab\u00a0La Moldavie, elle, est menac\u00e9e par la Russie\u00a0\u00bb, a encore affirm\u00e9 l\u2019\u00c9lys\u00e9e, \u00e9voquant les \u00ab\u00a0ing\u00e9rences\u00a0\u00bb et les \u00ab\u00a0interf\u00e9rences\u00a0\u00bb de Moscou, dont le \u00ab\u00a0logiciel\u00a0\u00bb \u00e0 l\u2019\u00e9gard des ex-r\u00e9publiques sovi\u00e9tiques comme la Moldavie est, selon Paris, \u00ab\u00a0celui de l\u2019intimidation et aussi des entraves \u00e0 la souverainet\u00e9, de l\u2019exploitation des s\u00e9paratismes\u00a0\u00bb. Une allusion notamment \u00e0 la Transnistrie, un territoire s\u00e9paratiste russophone situ\u00e9 dans l\u2019est de ce pays, o\u00f9 sont bas\u00e9es des forces russes.<\/p>\n<p>\u00ab\u00a0Cette visite est vraiment un signal fort du soutien \u00e0 la Moldavie et elle adresse un message symbolique \u00e0 la Russie selon lequel les principaux pays europ\u00e9ens se pr\u00e9occupent de ce qui se passe ici\u00a0\u00bb, estime l\u2019analyste politique Valeriu Pasha, du cercle de r\u00e9flexion Watchdog, \u00e0 Chisinau. Pour lui, le parti Action et solidarit\u00e9 (PAS) de la pr\u00e9sidente Maia Sandu devrait arriver en t\u00eate des l\u00e9gislatives mais le r\u00e9sultat est difficile \u00e0 pr\u00e9dire en raison de \u00ab\u00a0l\u2019\u00e9norme ing\u00e9rence russe\u00a0\u00bb, aliment\u00e9e par \u00ab\u00a0des sommes folles d\u2019argent\u00a0\u00bb, sur fond de crise \u00e9conomique et d\u2019inflation \u00e9lev\u00e9e.<\/p>\n<p>Ing\u00e9rences \u00ab\u00a0sans pr\u00e9c\u00e9dent\u00a0\u00bb<\/p>\n<p>La cheffe de l\u2019\u00c9tat pro-europ\u00e9enne, r\u00e9\u00e9lue en novembre 2024, a accus\u00e9 fin juillet la Russie de mener une op\u00e9ration complexe et coordonn\u00e9e d\u2019ing\u00e9rence \u00ab\u00a0sans pr\u00e9c\u00e9dent\u00a0\u00bb pour \u00ab\u00a0contr\u00f4ler\u00a0\u00bb son pays, frontalier de l\u2019UE, \u00ab\u00a0d\u00e8s l\u2019automne\u00a0\u00bb. Tout cela en recourant \u00e0 des m\u00e9canismes d\u2019achat de votes et de financements avec des \u00ab\u00a0cryptomonnaies\u00a0\u00bb, \u00ab\u00a0100\u00a0millions d\u2019euros\u00a0\u00bb \u00e9tant pr\u00e9vus \u00e0 cet effet, a-t-elle alors d\u00e9nonc\u00e9, pointant \u00e9galement du doigt la responsabilit\u00e9 de la plateforme Telegram.<\/p>\n","protected":false},"excerpt":{"rendered":"Et ce \u00e0 la veille du d\u00e9but de la campagne officielle pour les \u00e9lections l\u00e9gislatives de fin septembre,&hellip;\n","protected":false},"author":2,"featured_media":346999,"comment_status":"","ping_status":"","sticky":false,"template":"","format":"standard","meta":{"footnotes":""},"categories":[1591],"tags":[11,1887,12,1885,1886,132],"class_list":{"0":"post-346998","1":"post","2":"type-post","3":"status-publish","4":"format-standard","5":"has-post-thumbnail","7":"category-russie","8":"tag-actualites","9":"tag-federation-de-russie","10":"tag-news","11":"tag-russia","12":"tag-russian-federation","13":"tag-russie"},"share_on_mastodon":{"url":"https:\/\/pubeurope.com\/@fr\/115099427414612486","error":""},"_links":{"self":[{"href":"https:\/\/www.europesays.com\/fr\/wp-json\/wp\/v2\/posts\/346998","targetHints":{"allow":["GET"]}}],"collection":[{"href":"https:\/\/www.europesays.com\/fr\/wp-json\/wp\/v2\/posts"}],"about":[{"href":"https:\/\/www.europesays.com\/fr\/wp-json\/wp\/v2\/types\/post"}],"author":[{"embeddable":true,"href":"https:\/\/www.europesays.com\/fr\/wp-json\/wp\/v2\/users\/2"}],"replies":[{"embeddable":true,"href":"https:\/\/www.europesays.com\/fr\/wp-json\/wp\/v2\/comments?post=346998"}],"version-history":[{"count":0,"href":"https:\/\/www.europesays.com\/fr\/wp-json\/wp\/v2\/posts\/346998\/revisions"}],"wp:featuredmedia":[{"embeddable":true,"href":"https:\/\/www.europesays.com\/fr\/wp-json\/wp\/v2\/media\/346999"}],"wp:attachment":[{"href":"https:\/\/www.europesays.com\/fr\/wp-json\/wp\/v2\/media?parent=346998"}],"wp:term":[{"taxonomy":"category","embeddable":true,"href":"https:\/\/www.europesays.com\/fr\/wp-json\/wp\/v2\/categories?post=346998"},{"taxonomy":"post_tag","embeddable":true,"href":"https:\/\/www.europesays.com\/fr\/wp-json\/wp\/v2\/tags?post=346998"}],"curies":[{"name":"wp","href":"https:\/\/api.w.org\/{rel}","templated":true}]}}