{"id":347004,"date":"2025-08-27T06:59:15","date_gmt":"2025-08-27T06:59:15","guid":{"rendered":"https:\/\/www.europesays.com\/fr\/347004\/"},"modified":"2025-08-27T06:59:15","modified_gmt":"2025-08-27T06:59:15","slug":"larmenie-et-le-royaume-uni-concluent-un-accord-visant-a-elever-leurs-relations-au-rang-de-partenariat-strategique","status":"publish","type":"post","link":"https:\/\/www.europesays.com\/fr\/347004\/","title":{"rendered":"L&rsquo;Arm\u00e9nie et le Royaume-Uni concluent un accord visant \u00e0 \u00e9lever leurs relations au rang de partenariat strat\u00e9gique"},"content":{"rendered":"<p>L\u2019Arm\u00e9nie et le Royaume-Uni sont convenus de renforcer leurs relations pour en faire un partenariat strat\u00e9gique. Cette \u00e9volution a \u00e9t\u00e9 soulign\u00e9e lors du deuxi\u00e8me cycle du dialogue strat\u00e9gique entre les deux nations, qui s\u2019est tenu \u00e0 Erevan, sous la direction du vice-ministre arm\u00e9nien des Affaires \u00e9trang\u00e8res, Vahan Kostanyan, et du secr\u00e9taire d\u2019\u00c9tat britannique pour l\u2019Europe, l\u2019Am\u00e9rique du Nord et les territoires d\u2019outre-mer, Stephen Doughty, comme l\u2019a rapport\u00e9 le minist\u00e8re arm\u00e9nien des Affaires \u00e9trang\u00e8res.<\/p>\n<p>S\u2019appuyant sur la premi\u00e8re r\u00e9union du dialogue strat\u00e9gique qui s\u2019est tenue \u00e0 Londres en 2023, les deux parties ont \u00e9valu\u00e9 les progr\u00e8s r\u00e9alis\u00e9s et soulign\u00e9 l\u2019importance de maintenir des interactions r\u00e9guli\u00e8res \u00e0 haut niveau afin de renforcer et d\u2019\u00e9largir davantage le partenariat bilat\u00e9ral entre l\u2019Arm\u00e9nie et le Royaume-Uni.<\/p>\n<p>Les parties ont r\u00e9affirm\u00e9 leur ferme engagement \u00e0 d\u00e9fendre la d\u00e9mocratie, l\u2019\u00c9tat de droit et les droits humains fondamentaux aux niveaux r\u00e9gional et mondial, sur la base de valeurs communes, du droit international, des principes d\u00e9mocratiques et du respect d\u2019un ordre international fond\u00e9 sur des r\u00e8gles.<\/p>\n<p>La d\u00e9l\u00e9gation arm\u00e9nienne a fait part de ses r\u00e9flexions sur les r\u00e9formes d\u00e9mocratiques en cours dans le pays, qui comprennent des initiatives visant \u00e0 renforcer la d\u00e9mocratie, \u00e0 am\u00e9liorer l\u2019\u00c9tat de droit, \u00e0 prot\u00e9ger les droits humains et \u00e0 mettre en \u0153uvre des mesures de lutte contre la corruption.<\/p>\n<p>Le Royaume-Uni a salu\u00e9 les progr\u00e8s r\u00e9alis\u00e9s par l\u2019Arm\u00e9nie et a r\u00e9affirm\u00e9 son engagement \u00e0 soutenir la poursuite de ces r\u00e9formes. Les discussions ont \u00e9galement port\u00e9 sur l\u2019\u00e9largissement de la coop\u00e9ration dans les domaines de la s\u00e9curit\u00e9 et de la d\u00e9fense, notamment les futurs engagements de haut niveau, l\u2019\u00e9change d\u2019attach\u00e9s de d\u00e9fense et une collaboration plus \u00e9troite en mati\u00e8re de cybers\u00e9curit\u00e9 et de lutte contre les menaces hybrides.<\/p>\n","protected":false},"excerpt":{"rendered":"L\u2019Arm\u00e9nie et le Royaume-Uni sont convenus de renforcer leurs relations pour en faire un partenariat strat\u00e9gique. Cette \u00e9volution&hellip;\n","protected":false},"author":2,"featured_media":347005,"comment_status":"","ping_status":"","sticky":false,"template":"","format":"standard","meta":{"footnotes":""},"categories":[1588],"tags":[11,5950,312,1777,674,12,473,1853,1851,1850,1852],"class_list":{"0":"post-347004","1":"post","2":"type-post","3":"status-publish","4":"format-standard","5":"has-post-thumbnail","7":"category-royaume-uni","8":"tag-actualites","9":"tag-armenie","10":"tag-diplomatie","11":"tag-eu","12":"tag-europe","13":"tag-news","14":"tag-royaume-uni","15":"tag-royaume-uni-de-grande-bretagne-et-dirlande-du-nord","16":"tag-uk","17":"tag-united-kingdom","18":"tag-united-kingdom-of-great-britain-and-northern-ireland"},"share_on_mastodon":{"url":"https:\/\/pubeurope.com\/@fr\/115099439454180618","error":""},"_links":{"self":[{"href":"https:\/\/www.europesays.com\/fr\/wp-json\/wp\/v2\/posts\/347004","targetHints":{"allow":["GET"]}}],"collection":[{"href":"https:\/\/www.europesays.com\/fr\/wp-json\/wp\/v2\/posts"}],"about":[{"href":"https:\/\/www.europesays.com\/fr\/wp-json\/wp\/v2\/types\/post"}],"author":[{"embeddable":true,"href":"https:\/\/www.europesays.com\/fr\/wp-json\/wp\/v2\/users\/2"}],"replies":[{"embeddable":true,"href":"https:\/\/www.europesays.com\/fr\/wp-json\/wp\/v2\/comments?post=347004"}],"version-history":[{"count":0,"href":"https:\/\/www.europesays.com\/fr\/wp-json\/wp\/v2\/posts\/347004\/revisions"}],"wp:featuredmedia":[{"embeddable":true,"href":"https:\/\/www.europesays.com\/fr\/wp-json\/wp\/v2\/media\/347005"}],"wp:attachment":[{"href":"https:\/\/www.europesays.com\/fr\/wp-json\/wp\/v2\/media?parent=347004"}],"wp:term":[{"taxonomy":"category","embeddable":true,"href":"https:\/\/www.europesays.com\/fr\/wp-json\/wp\/v2\/categories?post=347004"},{"taxonomy":"post_tag","embeddable":true,"href":"https:\/\/www.europesays.com\/fr\/wp-json\/wp\/v2\/tags?post=347004"}],"curies":[{"name":"wp","href":"https:\/\/api.w.org\/{rel}","templated":true}]}}