{"id":347006,"date":"2025-08-27T07:00:15","date_gmt":"2025-08-27T07:00:15","guid":{"rendered":"https:\/\/www.europesays.com\/fr\/347006\/"},"modified":"2025-08-27T07:00:15","modified_gmt":"2025-08-27T07:00:15","slug":"allemagne-le-moral-des-consommateurs-en-pleine-torpeur-estivale-27-08-2025-a-0812","status":"publish","type":"post","link":"https:\/\/www.europesays.com\/fr\/347006\/","title":{"rendered":"Allemagne: le moral des consommateurs en pleine torpeur estivale &#8211; 27\/08\/2025 \u00e0 08:12"},"content":{"rendered":"<p>        <img fetchpriority=\"high\" decoding=\"async\" src=\"https:\/\/www.europesays.com\/fr\/wp-content\/uploads\/2025\/08\/586a76eee6cc21e532fb306077b5b600-760x496.jpg\" alt=\"( AFP \/ RALF HIRSCHBERGER )\" loading=\"eager\" width=\"760\" height=\"496\" style=\"max-width: 100%!important; height: auto;\"\/><\/p>\n<p class=\"c-image-news__legend\">( AFP \/ RALF HIRSCHBERGER )<\/p>\n<p>\n Le moral des consommateurs en Allemagne va s&rsquo;assombrir en septembre sur fond de mont\u00e9e du ch\u00f4mage et d&rsquo;attente de r\u00e9formes promises par le gouvernement, selon un barom\u00e8tre publi\u00e9 mercredi.\n<\/p>\n<p>\n L&rsquo;indice de confiance de l&rsquo;institut GfK attendu pour septembre plonge \u00e0 \u201323,6 points, apr\u00e8s \u201321,7 en ao\u00fbt, soit une baisse de 1,9 point, selon le communiqu\u00e9.\n<\/p>\n<p>\n Apr\u00e8s ce troisi\u00e8me mois d&rsquo;affil\u00e9e en recul, \u00ab\u00a0le climat de consommation se trouve en pleine torpeur estivale\u00a0\u00bb, rel\u00e8ve Rolf B\u00fcrkl, expert de l&rsquo;institut.\n<\/p>\n<p>\n En cause, la forte d\u00e9gradation des attentes de revenus, pour retomber \u00e0 leur plus bas niveau depuis mars.\n<\/p>\n<p>\n A cet \u00e9gard, \u00ab\u00a0les inqui\u00e9tudes croissantes sur l&#8217;emploi p\u00e8sent lourdement\u00a0\u00bb,  rel\u00e8ve M. B\u00fcrkl.\n<\/p>\n<p>\n En ao\u00fbt, le nombre de ch\u00f4meurs pourrait repasser au-dessus de la barre des trois millions en donn\u00e9es brutes, moins repr\u00e9sentatives d&rsquo;une tendance de fond mais qui servent de r\u00e9f\u00e9rence dans le d\u00e9bat public.\n<\/p>\n<p>\n Cette crainte du ch\u00f4mage pousse les m\u00e9nages \u00e0 \u00ab\u00a0diff\u00e9rer leurs achats importants\u00a0\u00bb, ajoute l&rsquo;expert.\n<\/p>\n<p>\n La propension \u00e0 consommer reste au plancher pendant que les attentes sur la croissance \u00e9conomique chutent \u00e0 leur niveau le plus faible depuis f\u00e9vrier, l&rsquo;Allemagne ayant \u00e0 nouveau vu son Produit int\u00e9rieur brut reculer entre avril et juin (-0,3%).\n<\/p>\n<p>\n L&rsquo;incertitude g\u00e9opolitique et la crainte d&rsquo;une nouvelle pouss\u00e9e inflationniste, nourrie notamment par les tensions commerciales avec Washington, entretiennent le pessimisme.\n<\/p>\n<p>\n Apr\u00e8s un d\u00e9part poussif au printemps, le gouvernement de coalition dirig\u00e9 par le chancelier conservateur Friedrich Merz est quant \u00e0 lui attendu \u00e0 la rentr\u00e9e sur des r\u00e9formes promises, notamment sociales, avec le risque de d\u00e9cevoir et de miner encore la confiance des m\u00e9nages.\n<\/p>\n<p>\n \u00ab\u00a0Les espoirs d&rsquo;un redressement de la consommation avant la fin de l&rsquo;ann\u00e9e s&rsquo;amenuisent\u00a0\u00bb, conclut M. B\u00fcrkl.<\/p>\n","protected":false},"excerpt":{"rendered":"( AFP \/ RALF HIRSCHBERGER ) Le moral des consommateurs en Allemagne va s&rsquo;assombrir en septembre sur fond&hellip;\n","protected":false},"author":2,"featured_media":347007,"comment_status":"","ping_status":"","sticky":false,"template":"","format":"standard","meta":{"footnotes":""},"categories":[1587],"tags":[400,11,672,398,408,1804,405,1805,1803,1777,674,1801,403,402,399,404,12,1802,401,406,407],"class_list":{"0":"post-347006","1":"post","2":"type-post","3":"status-publish","4":"format-standard","5":"has-post-thumbnail","7":"category-allemagne","8":"tag-action-cac-40","9":"tag-actualites","10":"tag-allemagne","11":"tag-bourse-de-paris","12":"tag-boursorama","13":"tag-bundesrepublik-deutschland","14":"tag-cotations","15":"tag-de","16":"tag-deutschland","17":"tag-eu","18":"tag-europe","19":"tag-germany","20":"tag-indices-devises","21":"tag-investir","22":"tag-investissement","23":"tag-marche-boursier","24":"tag-news","25":"tag-republique-federale-dallemagne","26":"tag-sicav","27":"tag-trackers","28":"tag-warrants"},"share_on_mastodon":{"url":"https:\/\/pubeurope.com\/@fr\/115099443247226299","error":""},"_links":{"self":[{"href":"https:\/\/www.europesays.com\/fr\/wp-json\/wp\/v2\/posts\/347006","targetHints":{"allow":["GET"]}}],"collection":[{"href":"https:\/\/www.europesays.com\/fr\/wp-json\/wp\/v2\/posts"}],"about":[{"href":"https:\/\/www.europesays.com\/fr\/wp-json\/wp\/v2\/types\/post"}],"author":[{"embeddable":true,"href":"https:\/\/www.europesays.com\/fr\/wp-json\/wp\/v2\/users\/2"}],"replies":[{"embeddable":true,"href":"https:\/\/www.europesays.com\/fr\/wp-json\/wp\/v2\/comments?post=347006"}],"version-history":[{"count":0,"href":"https:\/\/www.europesays.com\/fr\/wp-json\/wp\/v2\/posts\/347006\/revisions"}],"wp:featuredmedia":[{"embeddable":true,"href":"https:\/\/www.europesays.com\/fr\/wp-json\/wp\/v2\/media\/347007"}],"wp:attachment":[{"href":"https:\/\/www.europesays.com\/fr\/wp-json\/wp\/v2\/media?parent=347006"}],"wp:term":[{"taxonomy":"category","embeddable":true,"href":"https:\/\/www.europesays.com\/fr\/wp-json\/wp\/v2\/categories?post=347006"},{"taxonomy":"post_tag","embeddable":true,"href":"https:\/\/www.europesays.com\/fr\/wp-json\/wp\/v2\/tags?post=347006"}],"curies":[{"name":"wp","href":"https:\/\/api.w.org\/{rel}","templated":true}]}}