{"id":347022,"date":"2025-08-27T07:11:15","date_gmt":"2025-08-27T07:11:15","guid":{"rendered":"https:\/\/www.europesays.com\/fr\/347022\/"},"modified":"2025-08-27T07:11:15","modified_gmt":"2025-08-27T07:11:15","slug":"motogp-hongrie-j3-franco-morbidelli-ducati-6-meilleur-pilote-independant-jai-bien-defendu-mais-jai-du-rendre-une-place","status":"publish","type":"post","link":"https:\/\/www.europesays.com\/fr\/347022\/","title":{"rendered":"MotoGP, Hongrie J3, Franco Morbidelli (Ducati\/6) meilleur pilote ind\u00e9pendant : \u00ab\u00a0J&rsquo;ai bien d\u00e9fendu, mais j&rsquo;ai d\u00fb rendre une place\u00a0\u00bb"},"content":{"rendered":"<p><strong>Contraint de rendre une position \u00e0 deux tours de<br \/>\nl\u2019arriv\u00e9e, Franco Morbidelli a tout de m\u00eame termin\u00e9 sixi\u00e8me en<br \/>\nHongrie.<\/strong><\/p>\n<p>Apr\u00e8s <a href=\"https:\/\/www.paddock-gp.com\/motogp-autriche-j3-franco-morbidelli-ducati-11-la-vitesse-etait-la-meme-si-je-me-suis-retrouve-bloque-dans-le-trafic\/\" target=\"_blank\" rel=\"noopener\"><br \/>\nun Grand Prix un peu compliqu\u00e9 en Autriche<\/a> le week-end<br \/>\npr\u00e9c\u00e9dent, <strong>Franco Morbidelli<\/strong> a sembl\u00e9 de retour \u00e0<br \/>\nson niveau en Hongrie. Qualifi\u00e9 facilement pour la Q2 le vendredi,<br \/>\nil a ensuite d\u00e9croch\u00e9 la cinqui\u00e8me place sur la grille avant de<br \/>\nterminer sur le podium de la course sprint le samedi. Son premier<br \/>\ndepuis le Qatar, en avril.<\/p>\n<p>Dimanche, l\u2019Italien a r\u00e9alis\u00e9 un tr\u00e8s bon d\u00e9part en concluant le<br \/>\npremier tour au second rang. Il s\u2019est ensuite rapidement fait<br \/>\ndoubler par Marc M\u00e1rquez et Pedro Acosta, mais s\u2019est maintenu en<br \/>\nquatri\u00e8me position jusqu\u2019\u00e0 cinq tours de l\u2019arriv\u00e9e, lorsque Jorge<br \/>\nMart\u00edn et Luca Marini sont revenus sur lui.<\/p>\n<p>L\u2019Espagnol l\u2019a doubl\u00e9, quand son compatriote de la VR46 Academy<br \/>\nest rest\u00e9 bloqu\u00e9 derri\u00e8re lui durant plusieurs tours avant de<br \/>\ntenter une attaque durant laquelle les deux hommes se sont touch\u00e9s.<br \/>\n<strong>Morbidelli<\/strong> a relev\u00e9 sa machine et coup\u00e9 la<br \/>\nchicane, et s\u2019est vu inform\u00e9 par la Direction de course qu\u2019il<br \/>\ndevait rendre une position \u00e0 Marini. Il n\u2019a ensuite pas r\u00e9ussi \u00e0 la<br \/>\nlui reprendre, et a conclu la course au sixi\u00e8me rang.<\/p>\n<blockquote class=\"twitter-tweet\" data-width=\"550\" data-dnt=\"true\">\n<p lang=\"en\" dir=\"ltr\">A late skirmish for P5 between Marini &amp;<br \/>\nMorbidelli \u2694\ufe0f\ud83d\udca5\ud83d\udc40<a href=\"https:\/\/twitter.com\/hashtag\/HungarianGP?src=hash&amp;ref_src=twsrc%5Etfw\" target=\"_blank\" rel=\"noopener\">#HungarianGP<\/a><br \/>\n\ud83c\udded\ud83c\uddfa <a href=\"https:\/\/t.co\/RLzFh9intA\">pic.twitter.com\/RLzFh9intA<\/a><\/p>\n<p>\u2014 MotoGP\u2122\ud83c\udfc1 (@MotoGP) <a href=\"https:\/\/twitter.com\/MotoGP\/status\/1959597407722696964?ref_src=twsrc%5Etfw\" target=\"_blank\" rel=\"noopener\"><br \/>\nAugust 24, 2025<\/a><\/p>\n<\/blockquote>\n<p>Bien qu\u2019un peu d\u00e9\u00e7u, l\u2019Italien termine tout de m\u00eame meilleur<br \/>\npilote ind\u00e9pendant, et a surtout achev\u00e9 un week-end tr\u00e8s positif,<br \/>\nqui le replace dans une bonne dynamique pour la suite de la saison.<br \/>\n\u00ab\u00a0C\u2019\u00e9tait une course difficile, on s\u2019attendait \u00e0 une<br \/>\nperformance diff\u00e9rente avec le pneu tendre, et j\u2019ai essay\u00e9 de le<br \/>\nfaire durer le plus longtemps possible, en g\u00e9rant d\u00e8s le d\u00e9part.<br \/>\nMalheureusement, je n\u2019ai pas pu le faire, et j\u2019\u00e9tais moins rapide<br \/>\nque les gars avec qui j\u2019\u00e9tais. Au final, j\u2019ai bien d\u00e9fendu, mais<br \/>\nj\u2019ai d\u00fb rendre une place\u00a0\u00bb, a-t-il d\u00e9clar\u00e9.<\/p>\n<p>\u00ab\u00a0Bref, globalement, \u00e7a a \u00e9t\u00e9 un bon week-end pour<br \/>\nl\u2019\u00e9quipe. Hier, on a retrouv\u00e9 une vitesse int\u00e9ressante et on est<br \/>\nmont\u00e9s sur le podium en course sprint. Aujourd\u2019hui, m\u00eame si je<br \/>\nn\u2019avais pas de bonnes sensations, j\u2019\u00e9tais l\u00e0, donc on peut \u00eatre<br \/>\nsatisfaits de ce week-end.\u00a0\u00bb<\/p>\n<p><img loading=\"lazy\" decoding=\"async\" class=\"aligncenter size-full wp-image-1323456\" src=\"https:\/\/www.europesays.com\/fr\/wp-content\/uploads\/2025\/08\/601708fd-0c37-4c6a-3cae-7b8e3228e3d7.jpg\" alt=\"Franco Morbidelli Hongrie\" width=\"800\" height=\"533\"  \/><\/p>\n<p><strong>R\u00e9sultats du Grand Prix de Hongrie<\/strong><\/p>\n<p><img loading=\"lazy\" decoding=\"async\" class=\"aligncenter size-full wp-image-1322743\" src=\"https:\/\/www.europesays.com\/fr\/wp-content\/uploads\/2025\/08\/gp-1.jpg\" alt=\"\" width=\"800\" height=\"1048\"  \/><\/p>\n<p>Cr\u00e9dit classement : <a href=\"https:\/\/www.motogp.com\/fr\" target=\"_blank\" rel=\"noopener\">MotoGP.com<\/a><\/p>\n<p><script async src=\"https:\/\/platform.twitter.com\/widgets.js\" charset=\"utf-8\"><\/script><\/p>\n","protected":false},"excerpt":{"rendered":"Contraint de rendre une position \u00e0 deux tours de l\u2019arriv\u00e9e, Franco Morbidelli a tout de m\u00eame termin\u00e9 sixi\u00e8me&hellip;\n","protected":false},"author":2,"featured_media":347023,"comment_status":"","ping_status":"","sticky":false,"template":"","format":"standard","meta":{"footnotes":""},"categories":[1413],"tags":[1011,27,1457,1456,60],"class_list":{"0":"post-347022","1":"post","2":"type-post","3":"status-publish","4":"format-standard","5":"has-post-thumbnail","7":"category-moto","8":"tag-fr","9":"tag-france","10":"tag-moto","11":"tag-motocycle","12":"tag-sports"},"share_on_mastodon":{"url":"https:\/\/pubeurope.com\/@fr\/115099486842895067","error":""},"_links":{"self":[{"href":"https:\/\/www.europesays.com\/fr\/wp-json\/wp\/v2\/posts\/347022","targetHints":{"allow":["GET"]}}],"collection":[{"href":"https:\/\/www.europesays.com\/fr\/wp-json\/wp\/v2\/posts"}],"about":[{"href":"https:\/\/www.europesays.com\/fr\/wp-json\/wp\/v2\/types\/post"}],"author":[{"embeddable":true,"href":"https:\/\/www.europesays.com\/fr\/wp-json\/wp\/v2\/users\/2"}],"replies":[{"embeddable":true,"href":"https:\/\/www.europesays.com\/fr\/wp-json\/wp\/v2\/comments?post=347022"}],"version-history":[{"count":0,"href":"https:\/\/www.europesays.com\/fr\/wp-json\/wp\/v2\/posts\/347022\/revisions"}],"wp:featuredmedia":[{"embeddable":true,"href":"https:\/\/www.europesays.com\/fr\/wp-json\/wp\/v2\/media\/347023"}],"wp:attachment":[{"href":"https:\/\/www.europesays.com\/fr\/wp-json\/wp\/v2\/media?parent=347022"}],"wp:term":[{"taxonomy":"category","embeddable":true,"href":"https:\/\/www.europesays.com\/fr\/wp-json\/wp\/v2\/categories?post=347022"},{"taxonomy":"post_tag","embeddable":true,"href":"https:\/\/www.europesays.com\/fr\/wp-json\/wp\/v2\/tags?post=347022"}],"curies":[{"name":"wp","href":"https:\/\/api.w.org\/{rel}","templated":true}]}}