{"id":347028,"date":"2025-08-27T07:14:11","date_gmt":"2025-08-27T07:14:11","guid":{"rendered":"https:\/\/www.europesays.com\/fr\/347028\/"},"modified":"2025-08-27T07:14:11","modified_gmt":"2025-08-27T07:14:11","slug":"carlos-soler-seduit-par-la-real-sociedad","status":"publish","type":"post","link":"https:\/\/www.europesays.com\/fr\/347028\/","title":{"rendered":"Carlos Soler s\u00e9duit par la Real Sociedad"},"content":{"rendered":"<p><strong>Carlos Soler, milieu de 28 ans arriv\u00e9 au Paris Saint-Germain durant l\u2019\u00e9t\u00e9 2022 en provenance de Valence avec un contrat jusqu\u2019en 2027, n\u2019a pas su convaincre sur le terrain et a \u00e9t\u00e9 pr\u00eat\u00e9 \u00e0 West Ham pour la saison 2024-2025. Il est maintenant revenu \u00e0 Paris, avec une solution \u00e0 trouver pour l\u2019avenir. Fabrizio\u00a0annonce que des discussions sont en cours entre le PSG et la Real Sociedad. Int\u00e9ress\u00e9 par le transfert, l\u2019Espagnol envisage un d\u00e9part rapide si les n\u00e9gociations aboutissent.<\/strong><\/p>\n<blockquote class=\"twitter-tweet\" data-media-max-width=\"560\">\n<p dir=\"ltr\" lang=\"fr\">Des discussions sont en cours entre la Real Sociedad et le Paris Saint-Germain pour Carlos Soler !! \ud83d\udde3\ufe0f\ud83c\uddea\ud83c\uddf8<\/p>\n<p>Soler est int\u00e9ress\u00e9 par le transfert, l\u2019op\u00e9ration pourrait s\u2019acc\u00e9l\u00e9rer prochainement !<\/p>\n<p>(<a href=\"https:\/\/twitter.com\/FabrizioRomano?ref_src=twsrc%5Etfw\" target=\"_blank\" rel=\"noopener\">@FabrizioRomano<\/a>) <a href=\"https:\/\/t.co\/2SewMs5DkB\">pic.twitter.com\/2SewMs5DkB<\/a><\/p>\n<p>\u2014 ICParisSG \u2764\ufe0f\ud83d\udc99 (@icparissg_) <a href=\"https:\/\/twitter.com\/icparissg_\/status\/1960384971815657698?ref_src=twsrc%5Etfw\" target=\"_blank\" rel=\"noopener\">August 26, 2025<\/a><\/p>\n<\/blockquote>\n<p>La fin du mercato est toujours un moment cl\u00e9. Les clubs acc\u00e9l\u00e8rent leurs man\u0153uvres pour conclure les derniers dossiers, parfois en quelques heures seulement. Pour le Paris Saint-Germain, c\u00e9der Carlos Soler permettrait de r\u00e9duire l\u2019effectif et de lib\u00e9rer de la place dans l\u2019entrejeu. Du c\u00f4t\u00e9 de la Real Sociedad, l\u2019Espagnol repr\u00e9sente une opportunit\u00e9 de derni\u00e8re minute pour renforcer le milieu avant la cl\u00f4ture du march\u00e9. Tout le monde cherche \u00e0 faire la derni\u00e8re bonne affaire de l\u2019ann\u00e9e en fonction de ses besoins. On aura rapidement les r\u00e9ponses \u00e0 nos questions.<\/p>\n<p>\t\t\t\t\t\t\t\t\t\t\t\t\t\t\t\t\t\t\t\t\t\t\t<img loading=\"lazy\" src=\"https:\/\/www.europesays.com\/fr\/wp-content\/uploads\/2025\/04\/ParisFans_Logo.png\" decoding=\"async\" class=\"lazyload\" width=\"240\" height=\"54\" data-eio-rwidth=\"240\" data-eio-rheight=\"54\"\/><\/p>\n<p>\t\t\t\t\t\t\t\t<script async src=\"https:\/\/platform.twitter.com\/widgets.js\" charset=\"utf-8\"><\/script><\/p>\n","protected":false},"excerpt":{"rendered":"Carlos Soler, milieu de 28 ans arriv\u00e9 au Paris Saint-Germain durant l\u2019\u00e9t\u00e9 2022 en provenance de Valence avec&hellip;\n","protected":false},"author":2,"featured_media":347029,"comment_status":"","ping_status":"","sticky":false,"template":"","format":"standard","meta":{"footnotes":""},"categories":[1410],"tags":[28743,3985,63,1011,27,7916,1434,48307,42891,60,96],"class_list":{"0":"post-347028","1":"post","2":"type-post","3":"status-publish","4":"format-standard","5":"has-post-thumbnail","7":"category-football","8":"tag-carlos-soler","9":"tag-depart","10":"tag-football","11":"tag-fr","12":"tag-france","13":"tag-interet","14":"tag-mercato","15":"tag-money-time","16":"tag-real-sociedad","17":"tag-sports","18":"tag-une"},"share_on_mastodon":{"url":"https:\/\/pubeurope.com\/@fr\/115099498239214433","error":""},"_links":{"self":[{"href":"https:\/\/www.europesays.com\/fr\/wp-json\/wp\/v2\/posts\/347028","targetHints":{"allow":["GET"]}}],"collection":[{"href":"https:\/\/www.europesays.com\/fr\/wp-json\/wp\/v2\/posts"}],"about":[{"href":"https:\/\/www.europesays.com\/fr\/wp-json\/wp\/v2\/types\/post"}],"author":[{"embeddable":true,"href":"https:\/\/www.europesays.com\/fr\/wp-json\/wp\/v2\/users\/2"}],"replies":[{"embeddable":true,"href":"https:\/\/www.europesays.com\/fr\/wp-json\/wp\/v2\/comments?post=347028"}],"version-history":[{"count":0,"href":"https:\/\/www.europesays.com\/fr\/wp-json\/wp\/v2\/posts\/347028\/revisions"}],"wp:featuredmedia":[{"embeddable":true,"href":"https:\/\/www.europesays.com\/fr\/wp-json\/wp\/v2\/media\/347029"}],"wp:attachment":[{"href":"https:\/\/www.europesays.com\/fr\/wp-json\/wp\/v2\/media?parent=347028"}],"wp:term":[{"taxonomy":"category","embeddable":true,"href":"https:\/\/www.europesays.com\/fr\/wp-json\/wp\/v2\/categories?post=347028"},{"taxonomy":"post_tag","embeddable":true,"href":"https:\/\/www.europesays.com\/fr\/wp-json\/wp\/v2\/tags?post=347028"}],"curies":[{"name":"wp","href":"https:\/\/api.w.org\/{rel}","templated":true}]}}