{"id":347030,"date":"2025-08-27T07:15:24","date_gmt":"2025-08-27T07:15:24","guid":{"rendered":"https:\/\/www.europesays.com\/fr\/347030\/"},"modified":"2025-08-27T07:15:24","modified_gmt":"2025-08-27T07:15:24","slug":"pierre-garnier-reproche-le-comportement-de-certains-fans-apres-une-soiree-compliquee","status":"publish","type":"post","link":"https:\/\/www.europesays.com\/fr\/347030\/","title":{"rendered":"Pierre Garnier reproche le comportement de certains fans apr\u00e8s \u00ab\u00a0une soir\u00e9e compliqu\u00e9e\u00a0\u00bb"},"content":{"rendered":"<p>Actuellement en tourn\u00e9e des festivals, Pierre Garnier donne r\u00e9guli\u00e8rement de ses nouvelles \u00e0 ses fans dans des vlogs d\u00e9voil\u00e9s sur sa cha\u00eene YouTube. Dans le dernier \u00e9pisode, le chanteur s&rsquo;est confi\u00e9 sur une soir\u00e9e compliqu\u00e9e apr\u00e8s avoir \u00e9t\u00e9 hu\u00e9 par le public.<\/p>\n<p>Pierre Garnier ne s&rsquo;arr\u00eate plus. Apr\u00e8s avoir remport\u00e9 la saison 11 de la Star Academy, le chanteur a sorti <a href=\"https:\/\/www.programme-tv.net\/news\/musique\/354536-il-chante-les-histoires-de-coeur-d-un-jeune-de-20-ans-mais-pas-que-on-a-ecoute-chaque-seconde-le-premier-album-de-pierre-garnier-voici-pourquoi-il-devrait-vous-plaire\/\" data-api-deeplink=\"teleloisirs:\/\/news\/354536\" target=\"_blank\" rel=\"noopener\">son premier album Chaque seconde<\/a> qui a explos\u00e9 <a href=\"https:\/\/www.programme-tv.net\/news\/musique\/347387-pierre-garnier-star-academy-franchit-un-nouveau-record-avec-son-titre-ceux-quon-etait\/\" data-api-deeplink=\"teleloisirs:\/\/news\/347387\" target=\"_blank\" rel=\"noopener\">tous les records<\/a>. Depuis le 10 janvier, coup d&rsquo;envoi de <a href=\"https:\/\/www.programme-tv.net\/news\/musique\/369791-il-m-avait-invite-matt-pokora-explique-pourquoi-il-n-a-pas-pu-rejoindre-pierre-garnier-en-tournee\/\" data-api-deeplink=\"teleloisirs:\/\/news\/369791\" target=\"_blank\" rel=\"noopener\">sa premi\u00e8re tourn\u00e9e<\/a>, la superstar n&rsquo;a pas quitt\u00e9 la sc\u00e8ne. Il a encha\u00een\u00e9 avec une nouvelle flop\u00e9e de concerts en festivals. Plus proche que jamais de son public, il a d\u00e9cid\u00e9 de documenter son \u00e9t\u00e9 de folie \u00e0 travers des vlogs diffus\u00e9s sur sa cha\u00eene YouTube. Des vid\u00e9os dans lesquelles il n&rsquo;h\u00e9site pas \u00e0 se montrer vuln\u00e9rable. Dans le dernier \u00e9pisode, Pierre Garnier avait partag\u00e9 son m\u00e9contentement concernant sa prestation au Festival du Ch\u00e2teau \u00e0 Solli\u00e8s-Pont. \u00ab\u00a0C&rsquo;\u00e9tait bien mais \u00e7a m&rsquo;a saoul\u00e9 car j&rsquo;ai chant\u00e9 comme de la merde, alors que je n\u2019avais rien de particulier. Pas de probl\u00e8mes\u2026 Je ne sais m\u00eame pas pourquoi. Y en a eu des soirs moins bien mais pas comme \u00e7a&#8230;\u00a0\u00bb, a-t-il regrett\u00e9.<\/p>\n<p>                        Pierre Garnier reproche le comportement de certains fans apr\u00e8s un concert<\/p>\n<p>Dans son nouveau vlog ce mardi 26 ao\u00fbt, Pierre Garnier a \u00e9voqu\u00e9 le comportement de certains fans apr\u00e8s le Festival du Ch\u00e2teau \u00e0 Solli\u00e8s-Pont. Le chanteur avait \u00e9t\u00e9 hu\u00e9 apr\u00e8s avoir refus\u00e9 de prendre des photos avec les spectateurs, \u00e9puis\u00e9 par son concert.<b> <\/b><b>\u00ab\u00a0Nous avons un Pierre heureux apr\u00e8s avoir pass\u00e9 une soir\u00e9e compliqu\u00e9e. Il a un peu chant\u00e9 avec difficult\u00e9 m\u00eame s&rsquo;il avait tout donn\u00e9, oui, je parle de moi \u00e0 la troisi\u00e8me personne. Je rentre dans le bus, je me fais huer, c&rsquo;est compliqu\u00e9&#8230;\u00a0\u00bb<\/b>, a-t-il avou\u00e9 avant de se r\u00e9jouir d&rsquo;avoir retrouv\u00e9 la forme : \u00ab\u00a0Et l\u00e0, aujourd&rsquo;hui, il y a Carcassonne, une ambiance de fou, des gens adorables, j&rsquo;ai chant\u00e9 incroyablement bien, je me le dis, \u00e7a fait du bien et j&rsquo;ai pass\u00e9 une trop bonne soir\u00e9e.\u00a0\u00bb<\/p>\n<p>            Pierre Garnier hu\u00e9 apr\u00e8s un concert, ses fans lui apportent du soutien<\/p>\n<p>Dans les commentaires de son vlog, Pierre Garnier a re\u00e7u le soutien de ses fans. \u00ab\u00a0Surtout n&rsquo;oublie jamais qu&rsquo;on est nombreux \u00e0 t&rsquo;aimer tr\u00e8s fort et \u00e0 te suivre partout. On sait tellement que tu es tout le temps disponible pour nous, chaque fois que c&rsquo;est possible\u00a0\u00bb, \u00ab\u00a0M\u00eame si tu as &lsquo;\u2019impression que tu n&rsquo;as pas \u00e9t\u00e9 \u00e0 la hauteur ce soir-l\u00e0, on s&rsquo;en fout nous, on a juste ador\u00e9\u00a0\u00bb, \u00ab\u00a0Tu es g\u00e9nial, ne l&rsquo;oublie jamais et tes vrais fans t&rsquo;aiment m\u00eame quand c&rsquo;est un jour sans\u00a0\u00bb, l&rsquo;ont rassur\u00e9 les internautes.<\/p><\/p>\n","protected":false},"excerpt":{"rendered":"Actuellement en tourn\u00e9e des festivals, Pierre Garnier donne r\u00e9guli\u00e8rement de ses nouvelles \u00e0 ses fans dans des vlogs&hellip;\n","protected":false},"author":2,"featured_media":347031,"comment_status":"","ping_status":"","sticky":false,"template":"","format":"standard","meta":{"footnotes":""},"categories":[1359],"tags":[244,58,59,1011,27,973,18436,5095,1630],"class_list":{"0":"post-347030","1":"post","2":"type-post","3":"status-publish","4":"format-standard","5":"has-post-thumbnail","7":"category-people","8":"tag-commentaire","9":"tag-divertissement","10":"tag-entertainment","11":"tag-fr","12":"tag-france","13":"tag-people","14":"tag-pierre-star-academy-2023","15":"tag-star-academy","16":"tag-zapping"},"share_on_mastodon":{"url":"https:\/\/pubeurope.com\/@fr\/115099502084251651","error":""},"_links":{"self":[{"href":"https:\/\/www.europesays.com\/fr\/wp-json\/wp\/v2\/posts\/347030","targetHints":{"allow":["GET"]}}],"collection":[{"href":"https:\/\/www.europesays.com\/fr\/wp-json\/wp\/v2\/posts"}],"about":[{"href":"https:\/\/www.europesays.com\/fr\/wp-json\/wp\/v2\/types\/post"}],"author":[{"embeddable":true,"href":"https:\/\/www.europesays.com\/fr\/wp-json\/wp\/v2\/users\/2"}],"replies":[{"embeddable":true,"href":"https:\/\/www.europesays.com\/fr\/wp-json\/wp\/v2\/comments?post=347030"}],"version-history":[{"count":0,"href":"https:\/\/www.europesays.com\/fr\/wp-json\/wp\/v2\/posts\/347030\/revisions"}],"wp:featuredmedia":[{"embeddable":true,"href":"https:\/\/www.europesays.com\/fr\/wp-json\/wp\/v2\/media\/347031"}],"wp:attachment":[{"href":"https:\/\/www.europesays.com\/fr\/wp-json\/wp\/v2\/media?parent=347030"}],"wp:term":[{"taxonomy":"category","embeddable":true,"href":"https:\/\/www.europesays.com\/fr\/wp-json\/wp\/v2\/categories?post=347030"},{"taxonomy":"post_tag","embeddable":true,"href":"https:\/\/www.europesays.com\/fr\/wp-json\/wp\/v2\/tags?post=347030"}],"curies":[{"name":"wp","href":"https:\/\/api.w.org\/{rel}","templated":true}]}}