{"id":347032,"date":"2025-08-27T07:16:10","date_gmt":"2025-08-27T07:16:10","guid":{"rendered":"https:\/\/www.europesays.com\/fr\/347032\/"},"modified":"2025-08-27T07:16:10","modified_gmt":"2025-08-27T07:16:10","slug":"une-statue-situee-a-barcelone-et-attribuee-a-jaume-plensa-devient-virale-et-cumule-des-millions-de-vues-sur-les-reseaux-sociaux-seul-probleme-elle-nexiste-pas","status":"publish","type":"post","link":"https:\/\/www.europesays.com\/fr\/347032\/","title":{"rendered":"Une statue situ\u00e9e \u00e0 Barcelone et attribu\u00e9e \u00e0 Jaume Plensa devient virale et cumule des millions de vues sur les r\u00e9seaux sociaux\u2026 Seul probl\u00e8me\u00a0: elle n\u2019existe pas"},"content":{"rendered":"<p>\n                                                                \u00ab\u00a0Elle est apparue sur Facebook et c\u2019est devenu incontr\u00f4lable\u00a0\u00bb, explique l&rsquo;atelier de l&rsquo;artiste.\n                            <\/p>\n<p>Pour les Barcelonais, il est clair que cette rue bord\u00e9e d\u2019arbres o\u00f9 se situerait la statue ne cadre pas avec le lieu. Pour les amateurs d\u2019arts, il est certain que cette sculpture r\u00e9aliste ne cadre pas non plus avec le style de l\u2019artiste Jaume Plensa, a qui elle est attribu\u00e9e. Et pourtant, rares sont les internautes \u00e0 ne pas avoir vu cette statue\u00a0&#8211; qui se trouverait \u00e0 l\u2019intersection de la rue Princesa et de la Via Laietana \u00e0\u00a0Barcelone (Catalogne), selon certaines publications devenues virales<\/p>\n<p>L&rsquo;image de cette statue\u00a0cumule aujourd\u2019hui des millions de vues. La photographie intitul\u00e9e \u00ab\u00a0La Charge\u00a0\u00bb ou \u00ab\u00a0L\u2019Effort\u00a0\u00bb selon les internautes\u00a0montre la sculpture en bronze d\u2019une femme portant sur son dos ses t\u00e2ches m\u00e9nag\u00e8res.\u00a0Seul probl\u00e8me\u00a0: <strong>non seulement cette \u0153uvre d\u2019art ne se situe \u00e0 Barcelone, mais surtout\u00a0: elle n\u2019existerait pas<\/strong>. \u00ab\u00a0Nous ne savons pas d\u2019o\u00f9 elle vient. Nous l\u2019avons d\u2019abord vue sur Instagram et avons r\u00e9pondu \u00e0 ce compte pour clarifier la situation, puis elle est apparue sur Facebook et c\u2019est devenu incontr\u00f4lable\u00a0\u00bb, explique l\u2019atelier de Jaume Plensa aupr\u00e8s d&rsquo;<a href=\"https:\/\/www.ara.cat\/cultura\/art\/estatua-viral-atribuida-jaume-plensa-barcelona-realitat-no-existeix_1_5479295.html\" target=\"_self\" rel=\"nofollow noopener\">Ara<\/a>. Le fait qu\u2019une douzaine de fausses r\u00e9f\u00e9rences soient propos\u00e9es par Google pour cette recherche\u00a0n\u2019enraye pas le ph\u00e9nom\u00e8ne.<\/p>\n<p>Des millions de vues dans le monde entier<\/p>\n<p>D&rsquo;habitude, les publications g\u00e9n\u00e9r\u00e9es par une Intelligence artificielle (IA) sont accompagn\u00e9es d\u2019une balise \u00ab\u00a0ceci est de l\u2019IA\u00a0\u00bb dans les m\u00e9tadonn\u00e9es de l\u2019image. Mais ce sont les plateformes qui d\u00e9cident d\u2019afficher cette balise, ou non, explique Albert Cuesta, expert en technologie aupr\u00e8s du m\u00e9dia catalan.<\/p>\n<p>elle est apparue sur Facebook et c\u2019est devenu incontr\u00f4lable<\/p>\n<p>D\u2019apr\u00e8s ce m\u00eame expert, la premi\u00e8re publication localis\u00e9e de cette image est apparue il y a cinq jours sur Instagram et a r\u00e9colt\u00e9 37\u00a0000 \u00ab\u00a0J\u2019aime\u00a0\u00bb. Elle s\u2019est imm\u00e9diatement propag\u00e9e sur d\u2019autres comptes et m\u00e9dias jusqu\u2019\u00e0 atteindre plusieurs millions de vues dans le monde entier.<\/p>\n<p>L&rsquo;IA des r\u00e9seaux sociaux renforcent la fausse information<\/p>\n<p>Certains commentaires signalent qu\u2019il s\u2019agit d\u2019une fausse image cr\u00e9\u00e9e par une intelligence artificielle mais nombreux sont les internautes qui ne semblent pas s\u2019en soucier. D\u2019autant plus que son attribution a un sculpteur renomm\u00e9 et sa situation \u00e0 Barcelone a donn\u00e9 de la cr\u00e9dibilit\u00e9 \u00e0 la fausse \u0153uvre. Par ailleurs, l\u2019IA de X, @grok, affirme elle aussi que cette \u0153uvre se trouverait<strong> \u00ab\u00a0rue Princesa, pr\u00e8s du mus\u00e9e Picasso\u00a0\u00bb<\/strong>. Mais interrog\u00e9e par un journaliste via son compte, @grok admet toutefois son erreur. \u00ab\u00a0Je suis d\u00e9sol\u00e9, vous avez raison. Apr\u00e8s v\u00e9rification de sources fiables, comme le catalogue officiel d\u2019art public de la Mairie de Barcelone et la liste des \u0153uvres de Jaume Plensa, il n\u2019y a aucune sculpture appel\u00e9e L\u2019esfor\u00e7 ou La c\u00e0rga \u00e0 cet endroit. On dirait une image g\u00e9n\u00e9r\u00e9e par l\u2019IA et une d\u00e9sinformation virale. Merci de l\u2019avoir signal\u00e9e\u00a0!\u00a0\u00bb.<\/p>\n<blockquote data-class=\"twitter-tweet\">\n<p lang=\"ca\" dir=\"ltr\">Ho sento, tens ra\u00f3. Despr\u00e9s de verificar fonts fiables com el cat\u00e0leg oficial d&rsquo;art p\u00fablic de l&rsquo;Ajuntament de Barcelona i la llista d&rsquo;obres de Jaume Plensa, no hi ha cap escultura anomenada \u00ab\u00a0El Esfuerzo\u00a0\u00bb o \u00ab\u00a0La Carga\u00a0\u00bb en aquesta ubicaci\u00f3. Sembla una imatge generada per IA amb\u2026<\/p>\n<p>\u2014 Grok (@grok) <a href=\"https:\/\/twitter.com\/grok\/status\/1960288792994300264?ref_src=twsrc%5Etfw\" rel=\"nofollow noopener\" target=\"_blank\">August 26, 2025<\/a><\/p><\/blockquote>\n<p>Toutefois, de nombreuses sculptures de Jaume Plensa sont visibles dans les rues de Barcelone\u00a0: Carmela, devant le Palais de la Musique, un coffre et des boulets de canon sur le Passeig del Borne ou encore Dell\u2019Artes dans la cour de la Fundacio Vila Casas dans le quartier\u00a0Problenou.<\/p>\n<p>                                                                                                                                                                                                        <script async src=\"https:\/\/platform.twitter.com\/widgets.js\" charset=\"utf-8\"><\/script><\/p>\n","protected":false},"excerpt":{"rendered":"\u00ab\u00a0Elle est apparue sur Facebook et c\u2019est devenu incontr\u00f4lable\u00a0\u00bb, explique l&rsquo;atelier de l&rsquo;artiste. Pour les Barcelonais, il est&hellip;\n","protected":false},"author":2,"featured_media":347033,"comment_status":"","ping_status":"","sticky":false,"template":"","format":"standard","meta":{"footnotes":""},"categories":[1358],"tags":[1348,1384,1385,1386,58,59,1011,27],"class_list":{"0":"post-347032","1":"post","2":"type-post","3":"status-publish","4":"format-standard","5":"has-post-thumbnail","7":"category-arts-et-design","8":"tag-arts","9":"tag-arts-and-design","10":"tag-arts-et-design","11":"tag-design","12":"tag-divertissement","13":"tag-entertainment","14":"tag-fr","15":"tag-france"},"share_on_mastodon":{"url":"https:\/\/pubeurope.com\/@fr\/115099506112924251","error":""},"_links":{"self":[{"href":"https:\/\/www.europesays.com\/fr\/wp-json\/wp\/v2\/posts\/347032","targetHints":{"allow":["GET"]}}],"collection":[{"href":"https:\/\/www.europesays.com\/fr\/wp-json\/wp\/v2\/posts"}],"about":[{"href":"https:\/\/www.europesays.com\/fr\/wp-json\/wp\/v2\/types\/post"}],"author":[{"embeddable":true,"href":"https:\/\/www.europesays.com\/fr\/wp-json\/wp\/v2\/users\/2"}],"replies":[{"embeddable":true,"href":"https:\/\/www.europesays.com\/fr\/wp-json\/wp\/v2\/comments?post=347032"}],"version-history":[{"count":0,"href":"https:\/\/www.europesays.com\/fr\/wp-json\/wp\/v2\/posts\/347032\/revisions"}],"wp:featuredmedia":[{"embeddable":true,"href":"https:\/\/www.europesays.com\/fr\/wp-json\/wp\/v2\/media\/347033"}],"wp:attachment":[{"href":"https:\/\/www.europesays.com\/fr\/wp-json\/wp\/v2\/media?parent=347032"}],"wp:term":[{"taxonomy":"category","embeddable":true,"href":"https:\/\/www.europesays.com\/fr\/wp-json\/wp\/v2\/categories?post=347032"},{"taxonomy":"post_tag","embeddable":true,"href":"https:\/\/www.europesays.com\/fr\/wp-json\/wp\/v2\/tags?post=347032"}],"curies":[{"name":"wp","href":"https:\/\/api.w.org\/{rel}","templated":true}]}}