{"id":347034,"date":"2025-08-27T07:17:10","date_gmt":"2025-08-27T07:17:10","guid":{"rendered":"https:\/\/www.europesays.com\/fr\/347034\/"},"modified":"2025-08-27T07:17:10","modified_gmt":"2025-08-27T07:17:10","slug":"chronique-livre-adopte-ta-riviere-le-conte-pedagogique-et-engage-derik-orsenna","status":"publish","type":"post","link":"https:\/\/www.europesays.com\/fr\/347034\/","title":{"rendered":"Chronique livre\u00a0: Adopte ta rivi\u00e8re, le conte p\u00e9dagogique et engag\u00e9 d\u2019Erik Orsenna"},"content":{"rendered":"\n<p><strong>GoodPlanet Mag\u2019 propose d\u00e9sormais des chroniques sur les livres, films, documentaires, expositions en rapport avec les th\u00e9matiques de l\u2019\u00e9cologie et du vivre-ensemble. D\u00e9couvrez les dans notre rubrique\u00a0<a href=\"https:\/\/www.goodplanet.info\/t\/nos-chroniques-culturelles\/\" target=\"_blank\" rel=\"noopener\">nos chroniques culturelle<\/a>s. Cette semaine, notre chroniqueuse, propose de d\u00e9couvrir Adopte ta rivi\u00e8re, le dernier livre d\u2019Erik Orsenna. Un conte \u00e9cologique illustr\u00e9 par Delphine Balme.<br \/><\/strong><\/p>\n<p>Avec Adopte ta rivi\u00e8re, sa derni\u00e8re \u0153uvre, Erik Orsenna s\u2019inspire d\u2019un projet r\u00e9el port\u00e9 par l\u2019association du m\u00eame nom, qu\u2019il a parrain\u00e9e en rencontrant des \u00e9l\u00e8ves en 2024. Ce livre, illustr\u00e9 par Daphn\u00e9e Balme (publi\u00e9 aux \u00e9ditions de l\u2019iconoclaste), se pr\u00e9sente comme un conte m\u00ealant p\u00e9dagogie et engagement \u00e9cologique. C\u2019est aussi un appel au secours pour alerter sur le n\u00e9cessaire combat de l\u2019eau.<\/p>\n<p>Valentine, une fillette de dix ans, vit une aventure bretonne extraordinaire lorsqu\u2019elle d\u00e9couvre que Le Trieux, une petite rivi\u00e8re des C\u00f4tes-d\u2019Armor, lui parle.<\/p>\n<p>La rivi\u00e8re, pollu\u00e9e et affaiblie, lui lance un appel d\u00e9sesp\u00e9r\u00e9 : elle a besoin d\u2019aide pour survivre. Touch\u00e9e, Valentine partage cette exp\u00e9rience avec ses camarades de CM2 et leur ma\u00eetresse \u00e0 l\u2019\u00e9cole de Plou\u00ebc. Ensemble, ils d\u00e9cident d\u2019\u00ab adopter \u00bb la rivi\u00e8re.<\/p>\n<p>Une fois par mois, la classe se rend sur ses berges pour observer son \u00e9cosyst\u00e8me, identifier les sources de pollution (d\u00e9chets, produits chimiques) et agir concr\u00e8tement, comme nettoyer ou sensibiliser les habitants du village. L\u2019histoire suit leurs d\u00e9couvertes : les plantes aquatiques, les poissons, les oiseaux, mais aussi les menaces qui p\u00e8sent sur cet environnement fragile. \u00c0 travers cette qu\u00eate, Valentine et ses amis apprennent l\u2019importance de la coop\u00e9ration et d\u00e9veloppent un lien profond avec la nature. Le r\u00e9cit, teint\u00e9 d\u2019humour et de po\u00e9sie, montre comment de petites actions peuvent avoir un grand impact, tout en faisant vibrer la voix de la rivi\u00e8re, personnage \u00e0 part enti\u00e8re. C\u2019est comme si la nature prenait la parole pour rallier les enfants \u00e0 sa cause !<\/p>\n<p><img loading=\"lazy\" decoding=\"async\" class=\"size-large wp-image-155391\" src=\"https:\/\/www.europesays.com\/fr\/wp-content\/uploads\/2025\/08\/Illustratuin-adopte-ta-riviere-Delphine-Balme-P19-724x1024.jpg\" alt=\"Illustration de Delphine Balme extraite du livre Adopte ta rivi\u00e8re d'Erik Orsenna  \u00a9 Delphine Balme \/ L'iconoclaste\" width=\"724\" height=\"1024\"  \/>Illustration de Delphine Balme extraite du livre Adopte ta rivi\u00e8re d\u2019Erik Orsenna \u00a9 Delphine Balme \/ L\u2019iconoclaste<\/p>\n<p>\u00c9rik Orsenna, prix Goncourt 1988 et membre de l\u2019Acad\u00e9mie fran\u00e7aise, est connu depuis toujours pour son int\u00e9r\u00eat pour les questions \u00e9conomiques et \u00e9cologiques qu\u2019il a d\u00e9j\u00e0 souvent racont\u00e9es dans ses livres. C\u2019est un amoureux de notre plan\u00e8te. \u00a0Le livre Adopte ta rivi\u00e8re s\u2019inscrit dans sa d\u00e9marche de sensibilisation \u00e0 la crise environnementale, en particulier autour de l\u2019eau, tout en renouant avec la magie du conte qu\u2019il avait explor\u00e9e il y a vingt-cinq ans dans La grammaire est une chanson douce. Et une fois de plus, \u00c9rik Orsenna \u00e9merveille.<\/p>\n<p>Delphine Balme qui illustre le livre, aime dessiner \u00e0 l\u2019aquarelle des paysages \u00e0 la nature g\u00e9n\u00e9reuse et \u00e0 la lumi\u00e8re douce. Elle vit au bord de la M\u00e9diterran\u00e9e et travaille dans un atelier d\u00e9bordant de plantes. Ses images po\u00e9tiques illustrent des livres pour enfants et des magazines rendent honneur \u00e0 l\u2019\u0153uvre d\u2019\u00c9rik Orsenna.<\/p>\n<p><strong>Domicruz<\/strong><\/p>\n<p><strong>Cet article vous a plu ? Il a \u00e9t\u00e9 r\u00e9dig\u00e9 par deux de nos r\u00e9dacteurs,\u00a0<\/strong><a href=\"https:\/\/donate.goodplanet.org\/b?cid=37&amp;lang=fr_FR\" target=\"_blank\" rel=\"noopener\"><strong>soutenez-nous en faisant un don<\/strong><\/a><strong>\u00a0ou en le relayant.<br \/><\/strong><strong>L\u2019\u00e9cologie vous int\u00e9resse ? Inscrivez-vous\u00a0<\/strong><a href=\"https:\/\/www.goodplanet.info\/actu-fondation\/inscrivez-vous-aux-newsletters-goodplanet-mag\/\" target=\"_blank\" rel=\"noopener\"><strong>gratuitement \u00e0 notre newsletter\u00a0hebdomadaire<\/strong><\/a><strong>.<\/strong><\/p>\n<p><strong>Pour aller plus loin<\/strong><\/p>\n<p>Adopte ta rivi\u00e8re, Erik Orsenna (texte) et Daphn\u00e9e Balme (illustrations), <a href=\"https:\/\/www.placedeslibraires.fr\/livre\/9782378805104-adopte-ta-riviere-erik-orsenna\/\" target=\"_blank\" rel=\"noopener\">aux \u00c9ditions de l\u2019Iconoclaste\u00a0<\/a><\/p>\n<p><a href=\"https:\/\/www.goodplanet.info\/2025\/08\/14\/la-deconnexion-avec-la-nature-connait-un-declin-sans-precedent-depuis-deux-siecles\/\" target=\"_blank\" rel=\"noopener\">La connexion avec la nature conna\u00eet un d\u00e9clin sans pr\u00e9c\u00e9dent depuis deux si\u00e8cles<\/a><\/p>\n<p><a href=\"https:\/\/www.goodplanet.info\/2025\/08\/01\/lhemisphere-nord-en-voie-de-deshydratation-un-phenomene-qui-contribue-a-la-montee-du-niveau-des-oceans\/\" target=\"_blank\" rel=\"noopener\">L\u2019h\u00e9misph\u00e8re Nord en voie de d\u00e9shydratation, un ph\u00e9nom\u00e8ne qui contribue \u00e0 la mont\u00e9e du niveau des oc\u00e9ans<\/a><\/p>\n<p><a href=\"https:\/\/www.goodplanet.info\/2023\/08\/23\/lhydrologue-emma-haziza-toute-espece-vivant-sur-terre-a-autant-besoin-deau-que-nous\/\" target=\"_blank\" rel=\"noopener\">L\u2019hydrologue Emma Haziza\u00a0: \u00ab\u00a0toute esp\u00e8ce vivant sur Terre a autant besoin d\u2019eau que nous \u00bb<\/a><\/p>\n<p><a href=\"https:\/\/www.goodplanet.info\/2020\/08\/13\/chronique-litteraire-et-le-desert-disparaitra-un-roman-sur-la-vie-dans-un-monde-post-apocalyptique-et-une-fable-ecologique\/\" target=\"_blank\" rel=\"noopener\">Chronique litt\u00e9raire\u00a0: Et le d\u00e9sert disparaitra, un roman sur la vie dans un monde post-apocalyptique et une fable \u00e9cologique<\/a><\/p>\n","protected":false},"excerpt":{"rendered":"GoodPlanet Mag\u2019 propose d\u00e9sormais des chroniques sur les livres, films, documentaires, expositions en rapport avec les th\u00e9matiques de&hellip;\n","protected":false},"author":2,"featured_media":347035,"comment_status":"","ping_status":"","sticky":false,"template":"","format":"standard","meta":{"footnotes":""},"categories":[1357],"tags":[48308,1379,58,59,1011,27,1380,42519,71,48309],"class_list":{"0":"post-347034","1":"post","2":"type-post","3":"status-publish","4":"format-standard","5":"has-post-thumbnail","7":"category-livres","8":"tag-acces-a-leau","9":"tag-books","10":"tag-divertissement","11":"tag-entertainment","12":"tag-fr","13":"tag-france","14":"tag-livres","15":"tag-nos-chroniques-culturelles","16":"tag-sante","17":"tag-zones-humides"},"share_on_mastodon":{"url":"https:\/\/pubeurope.com\/@fr\/115099510042958341","error":""},"_links":{"self":[{"href":"https:\/\/www.europesays.com\/fr\/wp-json\/wp\/v2\/posts\/347034","targetHints":{"allow":["GET"]}}],"collection":[{"href":"https:\/\/www.europesays.com\/fr\/wp-json\/wp\/v2\/posts"}],"about":[{"href":"https:\/\/www.europesays.com\/fr\/wp-json\/wp\/v2\/types\/post"}],"author":[{"embeddable":true,"href":"https:\/\/www.europesays.com\/fr\/wp-json\/wp\/v2\/users\/2"}],"replies":[{"embeddable":true,"href":"https:\/\/www.europesays.com\/fr\/wp-json\/wp\/v2\/comments?post=347034"}],"version-history":[{"count":0,"href":"https:\/\/www.europesays.com\/fr\/wp-json\/wp\/v2\/posts\/347034\/revisions"}],"wp:featuredmedia":[{"embeddable":true,"href":"https:\/\/www.europesays.com\/fr\/wp-json\/wp\/v2\/media\/347035"}],"wp:attachment":[{"href":"https:\/\/www.europesays.com\/fr\/wp-json\/wp\/v2\/media?parent=347034"}],"wp:term":[{"taxonomy":"category","embeddable":true,"href":"https:\/\/www.europesays.com\/fr\/wp-json\/wp\/v2\/categories?post=347034"},{"taxonomy":"post_tag","embeddable":true,"href":"https:\/\/www.europesays.com\/fr\/wp-json\/wp\/v2\/tags?post=347034"}],"curies":[{"name":"wp","href":"https:\/\/api.w.org\/{rel}","templated":true}]}}