{"id":347036,"date":"2025-08-27T07:18:07","date_gmt":"2025-08-27T07:18:07","guid":{"rendered":"https:\/\/www.europesays.com\/fr\/347036\/"},"modified":"2025-08-27T07:18:07","modified_gmt":"2025-08-27T07:18:07","slug":"tracker-les-aventures-dun-chasseur-de-primes-des-temps-modernes-a-voir-des-ce-soir-sur-tf1-programme-tv-ouest-france","status":"publish","type":"post","link":"https:\/\/www.europesays.com\/fr\/347036\/","title":{"rendered":"\u00ab Tracker \u00bb, les aventures d\u2019un chasseur de primes des temps modernes \u00e0 voir d\u00e8s ce soir sur TF1 &#8211; Programme TV Ouest-France"},"content":{"rendered":"<ol>\n<li><a href=\"https:\/\/news.google.com\/rss\/articles\/CBMi_gFBVV95cUxQUXFLaDVubno2VlFSVUN2MkQ3cWtEcDVENGZoYTY4Tl9wZmJqUlZTa1o4UzExSW8zLVhWVExNdjZZZDNfTU96TWVrcEFDMXJvdjBrNjB3NGJwTmprOE5QUUc2T1pKZmtDMTBoVlJiYlh1X1Nka1d3dmJNdUVGR3k3cUdkYnZUZnFlNDIzSS1oYTlLcGhRMC16NUxwbVpEMUJYR2pxRXBEdld1eThpUlQxbS1KWUQtRXY4ay1jbHd0QXpSSVdnb3lDVm5FbEpOQVFvOXhGSjFSTzVFUUpsOUx6M1d2S0dPeW1yYnk4Mk9CaU5pVUtHaWYyNGFBRmNaZw?oc=5\" target=\"_blank\" rel=\"nofollow noopener\">\u00ab Tracker \u00bb, les aventures d\u2019un chasseur de primes des temps modernes \u00e0 voir d\u00e8s ce soir sur TF1<\/a>&nbsp;&nbsp;Programme TV Ouest-France<\/li>\n<li><a href=\"https:\/\/news.google.com\/rss\/articles\/CBMifkFVX3lxTE9LV2IwU09QUWctdUEtRjlQVmZPUk96czl2VUlOTHBCZHNxU196dF9EdWg1aVFTSGQ1cWtYUmpOenoyX1dsT0dFSUxHSjM2VTNNdE1MWkZ3MG5tZzlJdDJGWTZkRnd2Vy13X3o1TERIdThIX0xaRFBNRVQ0OEhqQQ?oc=5\" target=\"_blank\" rel=\"nofollow noopener\">\u00c0 ne pas rater \u00e0 la t\u00e9l\u00e9 : cette nouvelle s\u00e9rie polici\u00e8re avec une star de This is US va vous tenir en haleine !<\/a>&nbsp;&nbsp;AlloCin\u00e9<\/li>\n<li><a href=\"https:\/\/news.google.com\/rss\/articles\/CBMingFBVV95cUxPMmU0VTdWMGR1NkMxYzNsNzBCWXF6ME5VS1J3bW1hY3dGaFRnd1dRaHhqS3JGa0JkVjdhNWdLQkI2aFprNk9vMUF3UGZhZEhWQjhZek5PaFprZDhLRXJJLThkUXFkWTZybGtXLTNoTHZrNlBSOWlfMHg3VXhpRzhRdGJVQ21uUG9mUUsxdlB4d1dvbUtZUXNxdmJaeHI3UQ?oc=5\" target=\"_blank\" rel=\"nofollow noopener\">\u00ab Tracker \u00bb : un justicier des temps modernes<\/a>&nbsp;&nbsp;TV Magazine<\/li>\n<li><a href=\"https:\/\/news.google.com\/rss\/articles\/CBMi9wFBVV95cUxOOWhMREtlRVVvdU1rMDltQkZKczJsZzFnRlZaaGdnZS1DVUxRME9QdUhtQkhXN3hHN29OQkdaSzVnYVhjVmVrQzhVWnc3RFNQeGp6a2JpQXJoTzhSTjhVU2VmVmE2X1NnM3p5RXNNMzdsTjlaMGVINUQ2Ql91cGFkam04bEk2SFV2UXhja05QSm96Qi13cW9FSk1OZXdFUmdtOG1NRkVUWkhIZlNfajU0VTl6NzdCMFJMUTgzUkp1VTZHUlRVdzFZSlVJZ3g5Nm5wVzRzX25QR1FrY0FqRzA4VDNFSnZxMlhDaFRnMndBRXBLM2NYWUxN?oc=5\" target=\"_blank\" rel=\"nofollow noopener\">T\u00e9l\u00e9vision : \u00ab Tracker \u00bb, la nouvelle s\u00e9rie am\u00e9ricaine de TF1 sur un chasseur de primes sp\u00e9cialis\u00e9 dans les disparitions<\/a>&nbsp;&nbsp;Sud Ouest<\/li>\n<li><a href=\"https:\/\/news.google.com\/rss\/articles\/CBMivwFBVV95cUxNMHQ0ZlBvVFNxU0phVEhhdFZfOXI0eWl4WW4zWUxsWnB2LUgtSWNjYzR4LVV6d3NzaXN4V21OdVR5SEdCeWpkLUJIWmFLU21Ud29xRng0VVhoY3kzVGtaXzIyNmxRcDgwZ1lUa0J4NWZQVFZEQlBXUkNYRkF0MHo1LS1xMWdTZ1JMY3FaV1FkZEV2b2QwbEdMWXVGSURzTFBxTzRkMG16WHlGZ1JCajFaREVSM3Fpd3htdEpodlI0VQ?oc=5\" target=\"_blank\" rel=\"nofollow noopener\">\u00ab\u00a0Tracker\u00a0\u00bb : 3 choses \u00e0 savoir sur la s\u00e9rie n\u00b01 aux \u00c9tats-Unis qui d\u00e9barque sur TF1<\/a>&nbsp;&nbsp;TF1 Info<\/li>\n<\/ol>\n","protected":false},"excerpt":{"rendered":"\u00ab Tracker \u00bb, les aventures d\u2019un chasseur de primes des temps modernes \u00e0 voir d\u00e8s ce soir sur&hellip;\n","protected":false},"author":2,"featured_media":1445,"comment_status":"","ping_status":"","sticky":false,"template":"","format":"standard","meta":{"footnotes":""},"categories":[1356],"tags":[58,59,1011,27,252,1364],"class_list":{"0":"post-347036","1":"post","2":"type-post","3":"status-publish","4":"format-standard","5":"has-post-thumbnail","7":"category-television","8":"tag-divertissement","9":"tag-entertainment","10":"tag-fr","11":"tag-france","12":"tag-television","13":"tag-tv"},"share_on_mastodon":{"url":"https:\/\/pubeurope.com\/@fr\/115099513957749998","error":""},"_links":{"self":[{"href":"https:\/\/www.europesays.com\/fr\/wp-json\/wp\/v2\/posts\/347036","targetHints":{"allow":["GET"]}}],"collection":[{"href":"https:\/\/www.europesays.com\/fr\/wp-json\/wp\/v2\/posts"}],"about":[{"href":"https:\/\/www.europesays.com\/fr\/wp-json\/wp\/v2\/types\/post"}],"author":[{"embeddable":true,"href":"https:\/\/www.europesays.com\/fr\/wp-json\/wp\/v2\/users\/2"}],"replies":[{"embeddable":true,"href":"https:\/\/www.europesays.com\/fr\/wp-json\/wp\/v2\/comments?post=347036"}],"version-history":[{"count":0,"href":"https:\/\/www.europesays.com\/fr\/wp-json\/wp\/v2\/posts\/347036\/revisions"}],"wp:featuredmedia":[{"embeddable":true,"href":"https:\/\/www.europesays.com\/fr\/wp-json\/wp\/v2\/media\/1445"}],"wp:attachment":[{"href":"https:\/\/www.europesays.com\/fr\/wp-json\/wp\/v2\/media?parent=347036"}],"wp:term":[{"taxonomy":"category","embeddable":true,"href":"https:\/\/www.europesays.com\/fr\/wp-json\/wp\/v2\/categories?post=347036"},{"taxonomy":"post_tag","embeddable":true,"href":"https:\/\/www.europesays.com\/fr\/wp-json\/wp\/v2\/tags?post=347036"}],"curies":[{"name":"wp","href":"https:\/\/api.w.org\/{rel}","templated":true}]}}