{"id":347042,"date":"2025-08-27T07:21:09","date_gmt":"2025-08-27T07:21:09","guid":{"rendered":"https:\/\/www.europesays.com\/fr\/347042\/"},"modified":"2025-08-27T07:21:09","modified_gmt":"2025-08-27T07:21:09","slug":"hospitalisee-et-mourante-cette-femme-voit-ses-symptomes-disparaitre-apres-une-attaque-dabeilles","status":"publish","type":"post","link":"https:\/\/www.europesays.com\/fr\/347042\/","title":{"rendered":"Hospitalis\u00e9e et mourante, cette femme voit ses sympt\u00f4mes dispara\u00eetre apr\u00e8s une attaque d&rsquo;abeilles"},"content":{"rendered":"<p>Ellie Lobel a bien cru mourir. Atteinte depuis quinze ans de la maladie de Lyme, elle \u00e9tait hospitalis\u00e9e en soins palliatifs en Californie, confront\u00e9e \u00e0 des douleurs chroniques intenses. Durant une sortie ensoleill\u00e9e aux abords de l&rsquo;h\u00f4pital, cette femme de 45 ans se fait attaquer par un essaim d&rsquo;abeilles africanis\u00e9es, \u00e9galement appel\u00e9es <a href=\"https:\/\/fr.wikipedia.org\/wiki\/Abeille_africanis%C3%A9e\" target=\"_blank\" rel=\"nofollow noopener\">\u00ababeilles tueuses\u00bb<\/a>. En souffrance, enfl\u00e9e, elle s&rsquo;attend \u00e0 faire \u00e0 un choc anaphylactique. \u00c0 la grande surprise de la patiente et de ses m\u00e9decins, ce n&rsquo;est pas du tout ce qui s&rsquo;est pass\u00e9.<\/p>\n<p><a href=\"https:\/\/www.popularmechanics.com\/science\/health\/a65864000\/bee-venom-lyme\/\" target=\"_blank\" rel=\"nofollow noopener\">Selon un article du magazine Popular Mechanics<\/a>, la femme a constat\u00e9 une am\u00e9lioration spectaculaire de son \u00e9tat d\u00e8s le quatri\u00e8me jour apr\u00e8s les piq\u00fbres. La fi\u00e8vre, les inflammations qui l&rsquo;handicapaient au quotidien, ainsi que sa fatigue cognitive se sont dissip\u00e9es, et la bact\u00e9rie responsable de la maladie de Lyme, Borrelia burgdorferi, a tout bonnement disparu de son organisme.<\/p>\n<p>        <img decoding=\"async\" alt=\"Abonnez-vous gratuitement \u00e0 la newsletter de Slate !\" loading=\"lazy\" class=\"ms-4 ms-md-0\" width=\"82\" height=\"82\" src=\"https:\/\/www.slate.fr\/assets\/newsletter-dd7c4ea7fb4ce45aacc56875521d4bde7ec4ba23f0a0ae088566df808b3a80c3.svg\"\/><br \/>\n        Abonnez-vous gratuitement \u00e0 la newsletter de Slate !Les articles sont s\u00e9lectionn\u00e9s pour vous, en fonction de vos centres d\u2019int\u00e9r\u00eat, tous les jours dans votre bo\u00eete mail.<\/p>\n<p>Le venin dans la pratique m\u00e9dicinale\u00a0<\/p>\n<p>Comment expliquer la disparition de cette maladie v\u00e9hicul\u00e9e par les tiques? Par la composition du venin d&rsquo;abeille, qui contient de la m\u00e9littine, une petite prot\u00e9ine de 26 acides amin\u00e9s nomm\u00e9e peptide, capable de d\u00e9truire les membranes bact\u00e9riennes. <a href=\"https:\/\/pmc.ncbi.nlm.nih.gov\/articles\/PMC10385528\/\" target=\"_blank\" rel=\"nofollow noopener\">Des \u00e9tudes pr\u00e9liminaires<\/a> in vitro men\u00e9es sur des souris ont montr\u00e9 qu&rsquo;elle poss\u00e8de des propri\u00e9t\u00e9s antibact\u00e9riennes, antifongiques et anti-inflammatoires. Les scientifiques envisagent \u00e9galement son potentiel antiviral et anticanc\u00e9reux, m\u00eame si pour l&rsquo;instant ces usages restent exp\u00e9rimentaux.<\/p>\n<p>Les propri\u00e9t\u00e9s des venins ne sont pas une d\u00e9couverte totale. Glenn King, professeur \u00e0 l&rsquo;Universit\u00e9 du Queensland en Australie, a par exemple d\u00e9velopp\u00e9 des traitements inspir\u00e9s de venins d&rsquo;araign\u00e9e et de monstre de Gila, un l\u00e9zard venimeux d&rsquo;Am\u00e9rique du Nord. Ces compos\u00e9s a priori n\u00e9fastes pour la sant\u00e9 peuvent se transformer en <a href=\"https:\/\/www.slate.fr\/dossier\/2915\/medicaments\" class=\"tag-link\" rel=\"nofollow noopener\" target=\"_blank\">m\u00e9dicaments<\/a> miracle pour des <a href=\"https:\/\/www.slate.fr\/dossier\/31863\/maladies-chroniques\" class=\"tag-link\" rel=\"nofollow noopener\" target=\"_blank\">maladies chroniques<\/a> particuli\u00e8rement coriaces.<\/p>\n<p>Apr\u00e8s sa gu\u00e9rison, la physicienne s&rsquo;est mise \u00e0 travailler sur un protocole de th\u00e9rapie par <a href=\"https:\/\/www.slate.fr\/dossier\/16125\/piqure\" class=\"tag-link\" rel=\"nofollow noopener\" target=\"_blank\">piq\u00fbres<\/a> d&rsquo;abeilles sp\u00e9cifiquement \u00e9labor\u00e9 pour lutter contre la maladie de Lyme. Elle a depuis partag\u00e9 dans un livre des conseils pour que les patients se piquent eux-m\u00eames avec des abeilles. Certains patients, comme Rebecca Hayward au Royaume-Uni, rapportent un soulagement notable des douleurs li\u00e9es \u00e0 la <a href=\"https:\/\/www.slate.fr\/dossier\/93605\/maladie-de-lyme\" class=\"tag-link\" rel=\"nofollow noopener\" target=\"_blank\">maladie de Lyme<\/a>, bien que l&rsquo;efficacit\u00e9 ne soit pas garantie pour tous les porteurs de la maladie.<\/p>\n<p>Malgr\u00e9 ces t\u00e9moignages, les autorit\u00e9s sanitaires alertent: cette pratique comporte des risques s\u00e9rieux, notamment <a href=\"https:\/\/www.slate.fr\/dossier\/53681\/allergie\" class=\"tag-link\" rel=\"nofollow noopener\" target=\"_blank\">d&rsquo;allergie<\/a> s\u00e9v\u00e8re pouvant \u00eatre mortelle pour le patient. Les chercheurs s&rsquo;accordent \u00e0 dire que le venin d&rsquo;abeille pourrait repr\u00e9senter une source prometteuse pour de futurs m\u00e9dicaments, mais que le protocole n&rsquo;en est qu&rsquo;au stade exploratoire et qu&rsquo;aucune approbation officielle n&rsquo;a encore homologu\u00e9 cette m\u00e9thode.<\/p>\n","protected":false},"excerpt":{"rendered":"Ellie Lobel a bien cru mourir. Atteinte depuis quinze ans de la maladie de Lyme, elle \u00e9tait hospitalis\u00e9e&hellip;\n","protected":false},"author":2,"featured_media":347043,"comment_status":"","ping_status":"","sticky":false,"template":"","format":"standard","meta":{"footnotes":""},"categories":[10],"tags":[1011,27,72,71],"class_list":{"0":"post-347042","1":"post","2":"type-post","3":"status-publish","4":"format-standard","5":"has-post-thumbnail","7":"category-sante","8":"tag-fr","9":"tag-france","10":"tag-health","11":"tag-sante"},"share_on_mastodon":{"url":"https:\/\/pubeurope.com\/@fr\/115099525790361578","error":""},"_links":{"self":[{"href":"https:\/\/www.europesays.com\/fr\/wp-json\/wp\/v2\/posts\/347042","targetHints":{"allow":["GET"]}}],"collection":[{"href":"https:\/\/www.europesays.com\/fr\/wp-json\/wp\/v2\/posts"}],"about":[{"href":"https:\/\/www.europesays.com\/fr\/wp-json\/wp\/v2\/types\/post"}],"author":[{"embeddable":true,"href":"https:\/\/www.europesays.com\/fr\/wp-json\/wp\/v2\/users\/2"}],"replies":[{"embeddable":true,"href":"https:\/\/www.europesays.com\/fr\/wp-json\/wp\/v2\/comments?post=347042"}],"version-history":[{"count":0,"href":"https:\/\/www.europesays.com\/fr\/wp-json\/wp\/v2\/posts\/347042\/revisions"}],"wp:featuredmedia":[{"embeddable":true,"href":"https:\/\/www.europesays.com\/fr\/wp-json\/wp\/v2\/media\/347043"}],"wp:attachment":[{"href":"https:\/\/www.europesays.com\/fr\/wp-json\/wp\/v2\/media?parent=347042"}],"wp:term":[{"taxonomy":"category","embeddable":true,"href":"https:\/\/www.europesays.com\/fr\/wp-json\/wp\/v2\/categories?post=347042"},{"taxonomy":"post_tag","embeddable":true,"href":"https:\/\/www.europesays.com\/fr\/wp-json\/wp\/v2\/tags?post=347042"}],"curies":[{"name":"wp","href":"https:\/\/api.w.org\/{rel}","templated":true}]}}