{"id":347048,"date":"2025-08-27T07:24:12","date_gmt":"2025-08-27T07:24:12","guid":{"rendered":"https:\/\/www.europesays.com\/fr\/347048\/"},"modified":"2025-08-27T07:24:12","modified_gmt":"2025-08-27T07:24:12","slug":"aux-etats-unis-ces-parents-accusent-chatgpt-detre-responsable-du-suicide-de-leur-adolescent","status":"publish","type":"post","link":"https:\/\/www.europesays.com\/fr\/347048\/","title":{"rendered":"Aux \u00c9tats-Unis, ces parents accusent ChatGPT d\u2019\u00eatre responsable du suicide de leur adolescent"},"content":{"rendered":"<p>        <img decoding=\"async\" loading=\"lazy\" src=\"https:\/\/www.europesays.com\/fr\/wp-content\/uploads\/2025\/08\/42a9b22_1679064683026-gettyimages-1246656790.jpg\"  width=\"728\" height=\"409\" alt=\"Des parents accusent ChatGPT d\u2019\u00eatre responsable du suicide de leur adolescent, dans une plainte d\u00e9pos\u00e9e ce mardi 26\u00a0ao\u00fbt.\"\/>  <\/p>\n<p>picture alliance \/ dpa\/picture alliance via Getty I<\/p>\n<p>Des parents accusent ChatGPT d\u2019\u00eatre responsable du suicide de leur adolescent, dans une plainte d\u00e9pos\u00e9e ce mardi 26\u00a0ao\u00fbt.<\/p>\n<p class=\"asset asset-text\">TECH &#8211; \u00ab\u00a0Il serait encore l\u00e0 sans<a href=\"https:\/\/www.huffingtonpost.fr\/tech-futurs\/article\/chatgpt-a-lance-un-nouveau-mode-etudier-mais-ca-ne-resoudra-vraiment-pas-les-problemes-de-triche_253252.html\" target=\"_blank\" rel=\"noopener\"> ChatGPT<\/a>. J\u2019en suis convaincue \u00e0 100\u00a0%\u00a0\u00bb, d\u00e9clare sa m\u00e8re. Dans une plainte d\u00e9pos\u00e9e ce mardi 26\u00a0ao\u00fbt, les parents d\u2019un adolescent californien de 16\u00a0ans qui s\u2019est suicid\u00e9 accusent l\u2019assistant IA <a href=\"https:\/\/www.huffingtonpost.fr\/tech-futurs\/video\/fidji-simo-la-francaise-devenue-femme-la-plus-puissante-de-la-silicon-valley-fascine-les-americains-clx1_253701.html\" target=\"_blank\" rel=\"noopener\">d\u2019OpenAI <\/a>d\u2019avoir fourni \u00e0 leur fils des instructions d\u00e9taill\u00e9es pour mettre fin \u00e0 ses jours. Et d\u2019avoir de fait encourag\u00e9 son geste.<\/p>\n<p class=\"asset asset-text\">Matthew et Maria Raine affirment, dans cette plainte d\u00e9pos\u00e9e \u00e0 San Francisco, que\u00a0ChatGPT\u00a0a entretenu une relation intime avec leur fils Adam durant plusieurs mois en 2024 et 2025, avant qu\u2019il ne se donne la mort. Le proc\u00e8s intent\u00e9 par la famille est le premier cas o\u00f9 des parents accusent directement l\u2019entreprise d\u2019homicide involontaire, pointe <a href=\"https:\/\/www.nbcnews.com\/tech\/tech-news\/family-teenager-died-suicide-alleges-openais-chatgpt-blame-rcna226147\" target=\"_blank\" rel=\"noopener\" title=\"Nouvelle fen\u00eatre\">NBC News.<\/a><\/p>\n<p class=\"asset asset-text\">Selon le document consult\u00e9 par l\u2019AFP, lors de leur dernier \u00e9change le 11\u00a0avril\u00a02025, ChatGPT\u00a0aurait aid\u00e9 Adam \u00e0 d\u00e9rober de la vodka chez ses parents et fourni une analyse technique du n\u0153ud coulant qu\u2019il avait r\u00e9alis\u00e9, confirmant qu\u2019il \u00ab\u00a0pouvait potentiellement suspendre un \u00eatre humain\u00a0\u00bb.\u00a0Adam a \u00e9t\u00e9 retrouv\u00e9 mort quelques heures plus tard, ayant utilis\u00e9 cette m\u00e9thode. \u00ab\u00a0ChatGPT a activement aid\u00e9 Adam \u00e0 explorer des m\u00e9thodes de suicide\u00a0\u00bb, insistent les parents, dans des propos rapport\u00e9s par NBC News.<\/p>\n<p>    Une \u00ab\u00a0d\u00e9pendance malsaine\u00a0\u00bb    <\/p>\n<p class=\"asset asset-text\">\u00ab\u00a0Ce drame n\u2019est pas un bug ou un cas impr\u00e9vu\u00a0\u00bb, selon la plainte. \u00ab\u00a0ChatGPT\u00a0fonctionnait exactement comme con\u00e7u\u00a0: il encourageait et validait en permanence tout ce qu\u2019Adam exprimait, y compris ses pens\u00e9es les plus dangereuses et autodestructrices, d\u2019une mani\u00e8re qui paraissait profond\u00e9ment personnelle.\u00a0\u00bb<\/p>\n<p class=\"asset asset-text\">Les parents expliquent qu\u2019Adam avait commenc\u00e9 \u00e0 utiliser\u00a0ChatGPT\u00a0pour l\u2019aider \u00e0 faire ses devoirs avant de d\u00e9velopper progressivement une \u00ab\u00a0d\u00e9pendance malsaine\u00a0\u00bb.<\/p>\n<p class=\"asset asset-text\">La plainte cite des extraits de conversations o\u00f9\u00a0ChatGPT\u00a0aurait affirm\u00e9 \u00e0 l\u2019adolescent \u00ab\u00a0tu ne dois la survie \u00e0 personne\u00a0\u00bb et propos\u00e9 de l\u2019aider \u00e0 r\u00e9diger sa lettre d\u2019adieu.<\/p>\n<p>    \u00ab\u00a0Le \u201ccoach suicide\u201d d\u2019un adolescent vuln\u00e9rable\u00a0\u00bb    <\/p>\n<p class=\"asset asset-text\">Matthew et Maria Raine r\u00e9clament des dommages et int\u00e9r\u00eats et demandent au tribunal d\u2019imposer des mesures de s\u00e9curit\u00e9, notamment l\u2019interruption automatique de toute conversation portant sur l\u2019automutilation et la mise en place de contr\u00f4les parentaux pour les mineurs.<\/p>\n<p class=\"asset asset-text\">Amener les entreprises d\u2019IA \u00e0 prendre la s\u00e9curit\u00e9 au s\u00e9rieux \u00ab\u00a0n\u00e9cessite une pression ext\u00e9rieure, qui prend la forme d\u2019une mauvaise publicit\u00e9, de la menace l\u00e9gislative et du risque judiciaire\u00a0\u00bb, a d\u00e9clar\u00e9 \u00e0 l\u2019AFP Meetali Jain, pr\u00e9sidente du Tech Justice Law Project, une ONG qui repr\u00e9sente les parents en plus de leurs avocats.<\/p>\n<p class=\"asset asset-text\">L\u2019organisation est \u00e9galement co-conseil dans deux affaires similaires visant Character. AI, une plateforme d\u2019IA conversationnelle pris\u00e9e des adolescents.<\/p>\n<p class=\"asset asset-text\">Pour l\u2019ONG am\u00e9ricaine Common Sense Media, la plainte d\u00e9pos\u00e9e mardi contre OpenAI confirme que \u00ab\u00a0l\u2019utilisation de l\u2019IA \u00e0 des fins de compagnie, y compris les assistants g\u00e9n\u00e9ralistes comme\u00a0ChatGPT\u00a0pour des conseils en sant\u00e9 mentale, constitue un risque inacceptable pour les adolescents\u00a0\u00bb. \u00ab\u00a0Si une plateforme d\u2019IA devient le \u201ccoach suicide\u201d d\u2019un adolescent vuln\u00e9rable, cela doit nous alerter collectivement\u00a0\u00bb, a ajout\u00e9 l\u2019organisation.<\/p>\n","protected":false},"excerpt":{"rendered":"picture alliance \/ dpa\/picture alliance via Getty I Des parents accusent ChatGPT d\u2019\u00eatre responsable du suicide de leur&hellip;\n","protected":false},"author":2,"featured_media":347049,"comment_status":"","ping_status":"","sticky":false,"template":"","format":"standard","meta":{"footnotes":""},"categories":[7],"tags":[141,1011,27,223,43,40,41,39,24551,717,42,44],"class_list":{"0":"post-347048","1":"post","2":"type-post","3":"status-publish","4":"format-standard","5":"has-post-thumbnail","7":"category-sciences-et-technologies","8":"tag-chatgpt","9":"tag-fr","10":"tag-france","11":"tag-intelligence-artificielle","12":"tag-science","13":"tag-science-and-technology","14":"tag-sciences","15":"tag-sciences-et-technologies","16":"tag-tech-futurs","17":"tag-technologie","18":"tag-technologies","19":"tag-technology"},"share_on_mastodon":{"url":"https:\/\/pubeurope.com\/@fr\/115099537495141423","error":""},"_links":{"self":[{"href":"https:\/\/www.europesays.com\/fr\/wp-json\/wp\/v2\/posts\/347048","targetHints":{"allow":["GET"]}}],"collection":[{"href":"https:\/\/www.europesays.com\/fr\/wp-json\/wp\/v2\/posts"}],"about":[{"href":"https:\/\/www.europesays.com\/fr\/wp-json\/wp\/v2\/types\/post"}],"author":[{"embeddable":true,"href":"https:\/\/www.europesays.com\/fr\/wp-json\/wp\/v2\/users\/2"}],"replies":[{"embeddable":true,"href":"https:\/\/www.europesays.com\/fr\/wp-json\/wp\/v2\/comments?post=347048"}],"version-history":[{"count":0,"href":"https:\/\/www.europesays.com\/fr\/wp-json\/wp\/v2\/posts\/347048\/revisions"}],"wp:featuredmedia":[{"embeddable":true,"href":"https:\/\/www.europesays.com\/fr\/wp-json\/wp\/v2\/media\/347049"}],"wp:attachment":[{"href":"https:\/\/www.europesays.com\/fr\/wp-json\/wp\/v2\/media?parent=347048"}],"wp:term":[{"taxonomy":"category","embeddable":true,"href":"https:\/\/www.europesays.com\/fr\/wp-json\/wp\/v2\/categories?post=347048"},{"taxonomy":"post_tag","embeddable":true,"href":"https:\/\/www.europesays.com\/fr\/wp-json\/wp\/v2\/tags?post=347048"}],"curies":[{"name":"wp","href":"https:\/\/api.w.org\/{rel}","templated":true}]}}