{"id":347050,"date":"2025-08-27T07:25:12","date_gmt":"2025-08-27T07:25:12","guid":{"rendered":"https:\/\/www.europesays.com\/fr\/347050\/"},"modified":"2025-08-27T07:25:12","modified_gmt":"2025-08-27T07:25:12","slug":"un-nouveau-prelevement-est-mis-en-place","status":"publish","type":"post","link":"https:\/\/www.europesays.com\/fr\/347050\/","title":{"rendered":"un nouveau pr\u00e9l\u00e8vement est mis en place"},"content":{"rendered":"<p class=\"app_entry_lead\">\n                            <a title=\"\u00a0\u00a9\u00a0Marc Roche - stock.adobe.com\" href=\"https:\/\/www.europesays.com\/fr\/wp-content\/uploads\/2025\/08\/39525388.jpg\" class=\"fancy\"><\/p>\n<p>                        <img loading=\"lazy\" decoding=\"async\" src=\"https:\/\/www.europesays.com\/fr\/wp-content\/uploads\/2025\/08\/39525388.jpg\" alt=\"Les pensions de retraite et les salaires changent en septembre\u00a0: un nouveau pr\u00e9l\u00e8vement est mis en place\" width=\"1500\" height=\"1000\"\/><\/p>\n<p>                <\/a><br \/>\n                D\u00e8s le 1er septembre une ligne va changer sur les bulletins de paie et sur les relev\u00e9s des pensions de retraite.        <\/p>\n<p>Sur leur bulletin de paie ou sur\u00a0leur relev\u00e9 mensuel de pension, les salari\u00e9s et les retrait\u00e9s vont bient\u00f4t remarquer un important changement. Parmi la myriade de lignes qui\u00a0composent\u00a0ces documents, un montant sera modifi\u00e9 d\u00e8s le 1er septembre prochain. Dans certains cas, ce petit d\u00e9tail risque d&rsquo;entra\u00eener une perte d&rsquo;argent cons\u00e9quente pour\u00a0les travailleurs ou les seniors concern\u00e9s. La faute \u00e0 l&rsquo;administration fiscale&#8230;<\/p>\n<p>Apr\u00e8s avoir\u00a0compl\u00e9t\u00e9 leur d\u00e9claration de revenus au\u00a0printemps, les 40\u00a0millions de contribuables fran\u00e7ais\u00a0pensaient peut-\u00eatre en avoir fini avec le fisc pour cette ann\u00e9e. En effet, la campagne fiscale semblait toucher \u00e0 sa fin. 13,2\u00a0millions de contribuables ont re\u00e7u un remboursement d&rsquo;environ 1\u00a0017\u00a0euros chacun, car ils ont pay\u00e9 trop d&rsquo;imp\u00f4ts l&rsquo;an dernier. A l&rsquo;inverse, le fisc a r\u00e9clam\u00e9\u00a0en moyenne 1\u00a0901\u00a0euros \u00e0 13,1\u00a0millions d&rsquo;autres contribuables qui, eux, n&rsquo;en ont pas pay\u00e9 assez. Cependant, l&rsquo;heure des comptes ne sonne pas n\u00e9cessairement la fin des d\u00e9marches \u00e0 r\u00e9aliser pour les contribuables.<\/p>\n<p>Qu&rsquo;ils aient \u00e9t\u00e9 rembours\u00e9s ou qu&rsquo;ils doivent encore s&rsquo;acquitter d&rsquo;un reliquat d&rsquo;imp\u00f4t, nombreux sont les contribuables qui vont recevoir un courrier ou un mail de la Direction g\u00e9n\u00e9rale des finances publiques (DGFIP)\u00a0dans les jours qui viennent. Ce message indiquera que leur\u00a0pr\u00e9l\u00e8vement \u00e0 la source va changer.\u00a0Ce pr\u00e9l\u00e8vement est un pourcentage automatiquement d\u00e9duit tous les\u00a0mois des revenus (salaire, pension de retraite, etc) empoch\u00e9s\u00a0par le\u00a0contribuable. Ainsi, un salari\u00e9\u00a0gagnant 1\u00a0940\u00a0euros nets par mois peut se voir appliquer un taux de pr\u00e9l\u00e8vement \u00e0 la source de 4,4%, ce qui repr\u00e9sente une retenue d&rsquo;environ 93\u00a0euros par mois.<\/p>\n<p><img decoding=\"async\" alt=\"\" src=\"https:\/\/www.europesays.com\/fr\/wp-content\/uploads\/2025\/08\/39525389.jpg\"\/><\/p>\n<p>Si ce taux change au 1er septembre, c&rsquo;est parce que l&rsquo;administration fiscale en a calcul\u00e9 un nouveau selon les informations mentionn\u00e9es par le contribuable dans sa derni\u00e8re d\u00e9claration de revenus (d\u00e9claration\u00a02025\u00a0des revenus per\u00e7us en 2024).\u00a0Ce nouveau taux, est ensuite communiqu\u00e9 aux employeurs ou aux caisses de retraite, qui l&rsquo;appliquent directement sur les salaires et les pensions de retraite\u00a0vers\u00e9s tous les mois. En clair, le taux de pr\u00e9l\u00e8vement \u00e0 la source qui s&rsquo;applique d\u00e8s septembre 2025\u00a0est calcul\u00e9 selon les revenus touch\u00e9s\u00a0en 2024.<\/p>\n<p>Cette m\u00e9canique pose toutefois probl\u00e8me pour les contribuables dont la situation financi\u00e8re s&rsquo;est\u00a0d\u00e9t\u00e9rior\u00e9e au cours de l&rsquo;ann\u00e9e\u00a02025\u00a0: \u00e0 la suite d&rsquo;un d\u00e9part \u00e0 la retraite ou d&rsquo;une perte d&#8217;emploi par exemple.\u00a0Ainsi, ces contribuables seront soumis, entre septembre 2025\u00a0et ao\u00fbt 2026, \u00e0 un taux de pr\u00e9l\u00e8vement \u00e0 la source trop \u00e9lev\u00e9 par rapport \u00e0 leurs revenus r\u00e9els.<\/p>\n<p>Afin d&rsquo;\u00e9viter cette situation, il faut\u00a0demander au fisc de modifier le taux de\u00a0pr\u00e9l\u00e8vement \u00e0 la source. Pour cela, il faut se rendre dans son espace personnel du site sur le site impot.gouv.fr, puis cliquer sur \u00ab\u00a0Modifier mon pr\u00e9l\u00e8vement \u00e0 la source\u00a0\u00bb. La d\u00e9marche consiste \u00e0 r\u00e9aliser une estimation des revenus et des charges pr\u00e9vus pour l&rsquo;ann\u00e9e 2025\/2026. Si cette estimation conduit \u00e0 une r\u00e9duction du\u00a0pr\u00e9l\u00e8vement\u00a0\u00e0 la source sup\u00e9rieure \u00e0 5%, l&rsquo;administration fiscale accepte de diminuer le taux.<\/p>\n<p>La baisse de taux obtenue prend fin automatiquement le 31\u00a0d\u00e9cembre 2025. Les contribuables souhaitant maintenir ce taux r\u00e9duit doivent donc renouveler leur demande avant le 6\u00a0d\u00e9cembre 2025\u00a0pour b\u00e9n\u00e9ficier de cette mod\u00e9ration d\u00e8s le mois de janvier 2026.<\/p>\n","protected":false},"excerpt":{"rendered":"D\u00e8s le 1er septembre une ligne va changer sur les bulletins de paie et sur les relev\u00e9s des&hellip;\n","protected":false},"author":2,"featured_media":347051,"comment_status":"","ping_status":"","sticky":false,"template":"","format":"standard","meta":{"footnotes":""},"categories":[6],"tags":[35,33,34,1011,27],"class_list":{"0":"post-347050","1":"post","2":"type-post","3":"status-publish","4":"format-standard","5":"has-post-thumbnail","7":"category-economie","8":"tag-business","9":"tag-economie","10":"tag-economy","11":"tag-fr","12":"tag-france"},"share_on_mastodon":{"url":"https:\/\/pubeurope.com\/@fr\/115099541475869473","error":""},"_links":{"self":[{"href":"https:\/\/www.europesays.com\/fr\/wp-json\/wp\/v2\/posts\/347050","targetHints":{"allow":["GET"]}}],"collection":[{"href":"https:\/\/www.europesays.com\/fr\/wp-json\/wp\/v2\/posts"}],"about":[{"href":"https:\/\/www.europesays.com\/fr\/wp-json\/wp\/v2\/types\/post"}],"author":[{"embeddable":true,"href":"https:\/\/www.europesays.com\/fr\/wp-json\/wp\/v2\/users\/2"}],"replies":[{"embeddable":true,"href":"https:\/\/www.europesays.com\/fr\/wp-json\/wp\/v2\/comments?post=347050"}],"version-history":[{"count":0,"href":"https:\/\/www.europesays.com\/fr\/wp-json\/wp\/v2\/posts\/347050\/revisions"}],"wp:featuredmedia":[{"embeddable":true,"href":"https:\/\/www.europesays.com\/fr\/wp-json\/wp\/v2\/media\/347051"}],"wp:attachment":[{"href":"https:\/\/www.europesays.com\/fr\/wp-json\/wp\/v2\/media?parent=347050"}],"wp:term":[{"taxonomy":"category","embeddable":true,"href":"https:\/\/www.europesays.com\/fr\/wp-json\/wp\/v2\/categories?post=347050"},{"taxonomy":"post_tag","embeddable":true,"href":"https:\/\/www.europesays.com\/fr\/wp-json\/wp\/v2\/tags?post=347050"}],"curies":[{"name":"wp","href":"https:\/\/api.w.org\/{rel}","templated":true}]}}