{"id":347052,"date":"2025-08-27T07:26:09","date_gmt":"2025-08-27T07:26:09","guid":{"rendered":"https:\/\/www.europesays.com\/fr\/347052\/"},"modified":"2025-08-27T07:26:09","modified_gmt":"2025-08-27T07:26:09","slug":"tokyo-enregistre-un-record-de-10-jours-consecutifs-a-35c-ou-plus-une-premiere-depuis-1875","status":"publish","type":"post","link":"https:\/\/www.europesays.com\/fr\/347052\/","title":{"rendered":"Tokyo enregistre un record de 10 jours cons\u00e9cutifs \u00e0 35\u00b0C ou plus, une premi\u00e8re depuis 1875"},"content":{"rendered":"<p>Depuis dix jours cons\u00e9cutifs, la ville de Tokyo au Japon conna\u00eet un record de temp\u00e9rature atteignant les 35\u00b0C. Les experts alertent sur les cons\u00e9quences du changement climatique.<\/p>\n<p>Tokyo a enregistr\u00e9 ce mercredi 27 ao\u00fbt un dixi\u00e8me jour cons\u00e9cutif de <a href=\"https:\/\/www.bfmtv.com\/environnement\/climat\/video-on-a-perdu-quelques-milliers-de-visiteurs-a-cause-de-la-canicule-la-frequentation-des-parcs-d-attractions-en-baisse-cet-ete_VN-202508240031.html\" title=\"&quot;On a perdu quelques milliers de visiteurs&quot;: \u00e0 cause de la canicule, la fr\u00e9quentation des parcs d&#039;attractions en baisse cet \u00e9t\u00e9\" class=\"internal_link\" rel=\"nofollow noopener\" target=\"_blank\">temp\u00e9ratures de 35\u00b0C ou au-del\u00e0<\/a>, un record, a annonc\u00e9 mercredi l&rsquo;agence m\u00e9t\u00e9orologique japonaise (JMA), alors que le changement climatique provoque des vagues de chaleur \u00e0 travers le monde.<\/p>\n<p>Une telle s\u00e9rie est une \u00ab\u00a0premi\u00e8re depuis le d\u00e9but des relev\u00e9s\u00a0\u00bb en 1875, a pr\u00e9cis\u00e9 la JMA \u00e0 l&rsquo;AFP. Selon les scientifiques, le changement climatique d&rsquo;origine humaine rend les vagues de chaleur plus intenses, plus fr\u00e9quentes et plus g\u00e9n\u00e9ralis\u00e9es.<\/p>\n<p>Les m\u00e9t\u00e9orologues japonais mettent en garde contre tout lien direct entre des conditions m\u00e9t\u00e9orologiques sp\u00e9cifiques (comme une forte chaleur \u00e0 une p\u00e9riode donn\u00e9e) et le changement climatique sur le long terme. Mais ils n&rsquo;en observent pas moins que le r\u00e9chauffement climatique alimente ces derni\u00e8res ann\u00e9es des ph\u00e9nom\u00e8nes m\u00e9t\u00e9orologiques impr\u00e9visibles.<\/p>\n<p>Niveau record de pr\u00e9cipitations<\/p>\n<p>Cet \u00e9pisode, qui pourrait s&rsquo;arr\u00eater jeudi avec des temp\u00e9ratures attendues inf\u00e9rieures \u00e0 35\u00b0C, survient apr\u00e8s d&rsquo;autres \u00e9pisodes m\u00e9t\u00e9orologiques marquants dans l&rsquo;archipel.<\/p>\n<p>Le dernier en date est le niveau record de pr\u00e9cipitations atteint mardi par la ville de Toyotomi sur l&rsquo;\u00eele septentrionale de Hokkaido, qui a re\u00e7u en douze heures l&rsquo;\u00e9quivalent de plus d&rsquo;un mois de pr\u00e9cipitations moyennes pour un mois d&rsquo;ao\u00fbt.<\/p>\n<p>D\u00e9but ao\u00fbt, la ville de Kirishima, dans le sud-ouest du pays avait aussi enregistr\u00e9 des pr\u00e9cipitations record, de 500 mm en vingt-quatre heures, soit deux fois la pluviom\u00e9trie moyenne pour tout le mois d&rsquo;ao\u00fbt.<\/p>\n<p>Les \u00e9t\u00e9s 2023 et 2024 au Japon ont \u00e9t\u00e9 les plus chauds jamais enregistr\u00e9s, \u00e0 \u00e9galit\u00e9, et l&rsquo;automne 2024 fut le plus chaud depuis le d\u00e9but des relev\u00e9s.<\/p>\n<p>Les cerisiers japonais, embl\u00e9matiques de l&rsquo;archipel, fleurissent d\u00e9sormais plus t\u00f4t au printemps en raison de temp\u00e9ratures plus chaudes, voire ne fleurissent pas compl\u00e8tement, les automnes et les hivers n&rsquo;\u00e9tant pas assez froids pour d\u00e9clencher la floraison.<\/p>\n<p>Autre signal frappant: l&rsquo;iconique calotte neigeuse du mont Fuji n&rsquo;est apparue l&rsquo;an dernier que d\u00e9but novembre, contre d\u00e9but octobre en moyenne. Le r\u00e9chauffement climatique est l&rsquo;un des nombreux facteurs \u00e0 l&rsquo;origine de la lenteur de l&rsquo;enneigement.<\/p>\n<p>Un impact de plus en plus n\u00e9gatif sur la sant\u00e9<\/p>\n<p>L&rsquo;augmentation des temp\u00e9ratures \u00e0 travers le monde n&rsquo;est toutefois pas uniforme. L&rsquo;Europe a connu le r\u00e9chauffement le plus rapide par d\u00e9cennie depuis 1990, suivie de pr\u00e8s par l&rsquo;Asie, selon les donn\u00e9es mondiales de l&rsquo;Administration oc\u00e9anique et atmosph\u00e9rique am\u00e9ricaine (NOAA).<\/p>\n<p>Les Nations Unies ont averti la semaine derni\u00e8re que l&rsquo;augmentation des temp\u00e9ratures mondiales avait un impact de plus en plus n\u00e9gatif sur la sant\u00e9 et la productivit\u00e9 des travailleurs, notamment dans des secteurs tels que l&rsquo;agriculture, la construction et la p\u00eache.<\/p>\n<p>Les agences de sant\u00e9 et de climat des Nations unies ont affirm\u00e9 que la productivit\u00e9 des travailleurs diminuait de 2 \u00e0 3% pour chaque degr\u00e9 au-dessus de 20\u00b0C. Les risques sanitaires associ\u00e9s incluent les coups de chaleur, la d\u00e9shydratation, les dysfonctionnements r\u00e9naux et les troubles neurologiques.<\/p>\n","protected":false},"excerpt":{"rendered":"Depuis dix jours cons\u00e9cutifs, la ville de Tokyo au Japon conna\u00eet un record de temp\u00e9rature atteignant les 35\u00b0C.&hellip;\n","protected":false},"author":2,"featured_media":347053,"comment_status":"","ping_status":"","sticky":false,"template":"","format":"standard","meta":{"footnotes":""},"categories":[5],"tags":[11,1011,27,14,12,28],"class_list":{"0":"post-347052","1":"post","2":"type-post","3":"status-publish","4":"format-standard","5":"has-post-thumbnail","7":"category-international","8":"tag-actualites","9":"tag-fr","10":"tag-france","11":"tag-international","12":"tag-news","13":"tag-world"},"share_on_mastodon":{"url":"https:\/\/pubeurope.com\/@fr\/115099545473170531","error":""},"_links":{"self":[{"href":"https:\/\/www.europesays.com\/fr\/wp-json\/wp\/v2\/posts\/347052","targetHints":{"allow":["GET"]}}],"collection":[{"href":"https:\/\/www.europesays.com\/fr\/wp-json\/wp\/v2\/posts"}],"about":[{"href":"https:\/\/www.europesays.com\/fr\/wp-json\/wp\/v2\/types\/post"}],"author":[{"embeddable":true,"href":"https:\/\/www.europesays.com\/fr\/wp-json\/wp\/v2\/users\/2"}],"replies":[{"embeddable":true,"href":"https:\/\/www.europesays.com\/fr\/wp-json\/wp\/v2\/comments?post=347052"}],"version-history":[{"count":0,"href":"https:\/\/www.europesays.com\/fr\/wp-json\/wp\/v2\/posts\/347052\/revisions"}],"wp:featuredmedia":[{"embeddable":true,"href":"https:\/\/www.europesays.com\/fr\/wp-json\/wp\/v2\/media\/347053"}],"wp:attachment":[{"href":"https:\/\/www.europesays.com\/fr\/wp-json\/wp\/v2\/media?parent=347052"}],"wp:term":[{"taxonomy":"category","embeddable":true,"href":"https:\/\/www.europesays.com\/fr\/wp-json\/wp\/v2\/categories?post=347052"},{"taxonomy":"post_tag","embeddable":true,"href":"https:\/\/www.europesays.com\/fr\/wp-json\/wp\/v2\/tags?post=347052"}],"curies":[{"name":"wp","href":"https:\/\/api.w.org\/{rel}","templated":true}]}}