{"id":347054,"date":"2025-08-27T07:27:09","date_gmt":"2025-08-27T07:27:09","guid":{"rendered":"https:\/\/www.europesays.com\/fr\/347054\/"},"modified":"2025-08-27T07:27:09","modified_gmt":"2025-08-27T07:27:09","slug":"macron-au-chevet-du-gouvernement-alerte-aux-orages-et-boisson-prend-leau","status":"publish","type":"post","link":"https:\/\/www.europesays.com\/fr\/347054\/","title":{"rendered":"Macron au chevet du gouvernement, alerte aux orages et Boisson prend l\u2019eau"},"content":{"rendered":"<p>Vous avez manqu\u00e9 les infos de ce d\u00e9but de matin\u00e9e\u00a0? On vous a concoct\u00e9 un r\u00e9cap pour vous aider \u00e0 y voir plus clair et briller \u00e0 la machine \u00e0 caf\u00e9.<\/p>\n<p>L\u2019ex\u00e9cutif va faire ce mercredi une rentr\u00e9e en pleine temp\u00eate politique. Cons\u00e9quence\u00a0: <a href=\"https:\/\/www.20minutes.fr\/politique\/emmanuel-macron\/\" target=\"_blank\" class=\"c-link c-link--is-underlined\" rel=\"noopener\">Emmanuel Macron<\/a> est attendu pour reprendre le gouvernail apr\u00e8s des vacances au Fort de Br\u00e9gan\u00e7on. Le chef de l\u2019Etat va surtout avoir l\u2019occasion de t\u00e2ter le pouls du gouvernement, plus que jamais en sursis. Il va pour cela pr\u00e9sider un Conseil des ministres, \u00e0 moins de deux semaines d\u2019un vote de confiance aux accents de moment de v\u00e9rit\u00e9. Les membres de l\u2019ex\u00e9cutif vont se retrouver au palais pr\u00e9sidentiel \u00e0 10 heures deux jours apr\u00e8s l\u2019annonce par le Premier ministre <a href=\"https:\/\/www.20minutes.fr\/politique\/francois_bayrou\/\" target=\"_blank\" class=\"c-link c-link--is-underlined\" rel=\"noopener\">Fran\u00e7ois Bayrou<\/a> d\u2019engager le 8\u00a0septembre devant l\u2019Assembl\u00e9e nationale la responsabilit\u00e9 de son gouvernement sur l\u2019endettement de la France et le cap budg\u00e9taire \u00e0 fixer pour\u00a02026. Alors pour avoir toutes les informations politiques du jour, rien de plus simple\u00a0: il vous suffit de suivre notre Live Budget 2026 <a href=\"https:\/\/www.20minutes.fr\/politique\/assemblee_nationale\/4169724-20250827-direct-budget-2026-demandes-nouvelle-dissolution-font-plus-plus-pressantes\" target=\"_blank\" class=\"c-link c-link--is-underlined\" rel=\"noopener\">en cliquant par ici<\/a>.<\/p>\n<\/p>\n<p>Le ciel va tonner ce mercredi sur une large partie de la France. Vingt-cinq d\u00e9partements situ\u00e9s de la cha\u00eene des Pyr\u00e9n\u00e9es \u00e0 la Haute-Sa\u00f4ne et au Doubs, en passant par la Bourgogne, vont \u00eatre plac\u00e9s en vigilance orange pour de violents <a href=\"https:\/\/www.20minutes.fr\/societe\/orage\/\" target=\"_blank\" class=\"c-link c-link--is-underlined\" rel=\"noopener\">orages<\/a> d\u00e8s cet apr\u00e8s-midi 14 heures, selon <a href=\"https:\/\/www.20minutes.fr\/dossier\/meteo_france\" target=\"_blank\" class=\"c-link c-link--is-underlined\" rel=\"noopener\">M\u00e9t\u00e9o-France<\/a>. Du cot\u00e9 de la Charente-Maritime, des C\u00f4tes-d\u2019Armor, du Finist\u00e8re, de la Gironde, des Landes et des Pyr\u00e9n\u00e9es-Atlantiques, il ne faudra par contre pas regarder que vers le ciel. Ces d\u00e9partements sont en effet maintenus en vigilance jaune vagues-submersion jusqu\u2019\u00e0 09 heures en raison de la forte houle qui s\u2019abat sur le littoral atlantique. Mardi, des vagues d\u00e9passant 4 \u00e0 5 m\u00e8tres de hauteur ont pouss\u00e9 plusieurs municipalit\u00e9s \u00e0 interdire l\u2019acc\u00e8s des plages aux vacanciers et, apr\u00e8s une att\u00e9nuation ce mercredi, cette \u00ab\u00a0puissante houle\u00a0\u00bb dite cyclonique pourrait s\u00e9vir jusqu\u2019en fin de semaine.<\/p>\n<p>Un seul tour et puis <a href=\"https:\/\/www.20minutes.fr\/sport\/tennis\/lois-boisson\/\" target=\"_blank\" class=\"c-link c-link--is-underlined\" rel=\"noopener\">Lo\u00efs Boisson<\/a> s\u2019en va. La r\u00e9v\u00e9lation du dernier Roland-Garros a \u00e9t\u00e9 \u00e9limin\u00e9e mardi d\u00e8s le premier tour de l\u2019<a href=\"https:\/\/www.20minutes.fr\/sport\/us_open\/\" target=\"_blank\" class=\"c-link c-link--is-underlined\" rel=\"noopener\">US Open<\/a>, domin\u00e9e en trois sets 3-6, 7-6 (7\/3), 6-2 par la Suissesse Viktorija Golubic (72e au classement mondial). Un peu moins de trois mois apr\u00e8s sa demi-finale surprise \u00e0 Paris alors qu\u2019elle avait commenc\u00e9 le tournoi en \u00e9tant class\u00e9e 361e, l\u2019actuelle N.1 fran\u00e7aise au classement WTA (46e) s\u2019est inclin\u00e9e sur les courts en dur du dernier Grand Chelem de la saison, qu\u2019elle disputait pour la premi\u00e8re fois \u00e0 22 ans. La sp\u00e9cialiste de la terre battue a cependant livr\u00e9 un d\u00e9but de match convaincant sur le court N.10. Mais elle a sembl\u00e9 \u00eatre diminu\u00e9e physiquement sur la fin, l\u2019emp\u00eachant ainsi de pr\u00e9tendre \u00e0 la victoire.<\/p>\n","protected":false},"excerpt":{"rendered":"Vous avez manqu\u00e9 les infos de ce d\u00e9but de matin\u00e9e\u00a0? On vous a concoct\u00e9 un r\u00e9cap pour vous&hellip;\n","protected":false},"author":2,"featured_media":347055,"comment_status":"","ping_status":"","sticky":false,"template":"","format":"standard","meta":{"footnotes":""},"categories":[4],"tags":[47,11,1073,1011,27,431,10535,2357,12,4594,316,25,104,517,1467,16149,4804,4172,133],"class_list":{"0":"post-347054","1":"post","2":"type-post","3":"status-publish","4":"format-standard","5":"has-post-thumbnail","7":"category-france","8":"tag-actualite","9":"tag-actualites","10":"tag-emmanuel-macron","11":"tag-fr","12":"tag-france","13":"tag-francois-bayrou","14":"tag-lois-boisson","15":"tag-meteo-france","16":"tag-news","17":"tag-orages","18":"tag-politique","19":"tag-republique-francaise","20":"tag-societe","21":"tag-sport","22":"tag-tennis","23":"tag-tennis-de-table","24":"tag-toute-linfo-en-2-minutes","25":"tag-us-open","26":"tag-video"},"share_on_mastodon":{"url":"https:\/\/pubeurope.com\/@fr\/115099549312620323","error":""},"_links":{"self":[{"href":"https:\/\/www.europesays.com\/fr\/wp-json\/wp\/v2\/posts\/347054","targetHints":{"allow":["GET"]}}],"collection":[{"href":"https:\/\/www.europesays.com\/fr\/wp-json\/wp\/v2\/posts"}],"about":[{"href":"https:\/\/www.europesays.com\/fr\/wp-json\/wp\/v2\/types\/post"}],"author":[{"embeddable":true,"href":"https:\/\/www.europesays.com\/fr\/wp-json\/wp\/v2\/users\/2"}],"replies":[{"embeddable":true,"href":"https:\/\/www.europesays.com\/fr\/wp-json\/wp\/v2\/comments?post=347054"}],"version-history":[{"count":0,"href":"https:\/\/www.europesays.com\/fr\/wp-json\/wp\/v2\/posts\/347054\/revisions"}],"wp:featuredmedia":[{"embeddable":true,"href":"https:\/\/www.europesays.com\/fr\/wp-json\/wp\/v2\/media\/347055"}],"wp:attachment":[{"href":"https:\/\/www.europesays.com\/fr\/wp-json\/wp\/v2\/media?parent=347054"}],"wp:term":[{"taxonomy":"category","embeddable":true,"href":"https:\/\/www.europesays.com\/fr\/wp-json\/wp\/v2\/categories?post=347054"},{"taxonomy":"post_tag","embeddable":true,"href":"https:\/\/www.europesays.com\/fr\/wp-json\/wp\/v2\/tags?post=347054"}],"curies":[{"name":"wp","href":"https:\/\/api.w.org\/{rel}","templated":true}]}}