{"id":347056,"date":"2025-08-27T07:28:18","date_gmt":"2025-08-27T07:28:18","guid":{"rendered":"https:\/\/www.europesays.com\/fr\/347056\/"},"modified":"2025-08-27T07:28:18","modified_gmt":"2025-08-27T07:28:18","slug":"la-vigilance-orange-aux-orages-declenchee-dans-25-departements-ce-mercredi","status":"publish","type":"post","link":"https:\/\/www.europesays.com\/fr\/347056\/","title":{"rendered":"la vigilance orange aux orages d\u00e9clench\u00e9e dans 25\u00a0d\u00e9partements ce mercredi"},"content":{"rendered":"<p>        <img decoding=\"async\" loading=\"lazy\" src=\"https:\/\/www.europesays.com\/fr\/wp-content\/uploads\/2025\/08\/22d7934_1722493038646-gettyimages-975718018.jpg\"  width=\"728\" height=\"409\" alt=\"Des orages n\u00e9cessitant une vigilance accrue sont attendus d\u00e8s ce vendredi soir en France, avant une journ\u00e9e de samedi susceptible d\u2019\u00eatre particuli\u00e8rement orageuse.\"\/>  <\/p>\n<p>Tom Regnault \/ Getty Images\/500px<\/p>\n<p>Des orages n\u00e9cessitant une vigilance accrue sont attendus d\u00e8s ce vendredi soir en France, avant une journ\u00e9e de samedi susceptible d\u2019\u00eatre particuli\u00e8rement orageuse.<\/p>\n<p class=\"asset asset-text\">FRANCE &#8211; La vigilance orange s\u2019\u00e9tend. Ce mercredi 27\u00a0ao\u00fbt, <a href=\"https:\/\/www.huffingtonpost.fr\/environnement\/article\/la-recente-canicule-peut-elle-etre-comparee-a-2023-meteo-france-a-fait-les-calculs_253801.html\" target=\"_blank\" rel=\"noopener\">M\u00e9t\u00e9o France<\/a> a ajout\u00e9 16\u00a0d\u00e9partements aux <a href=\"https:\/\/www.huffingtonpost.fr\/france\/article\/vigilance-orange-aux-orages-meteo-france-place-neuf-departements-sous-surveillance-mercredi_254021.html\" target=\"_blank\" rel=\"noopener\">9\u00a0d\u00e9j\u00e0 plac\u00e9s en vigilance orange<\/a> aux orages dans son bulletin publi\u00e9 \u00e0 6\u00a0heures. Une diagonale allant des Pyr\u00e9n\u00e9es jusqu\u2019\u00e0 la Bourgogne est concern\u00e9e \u00e0 partir de 14\u00a0heures.<\/p>\n<p class=\"asset asset-text\">Dans le d\u00e9tail, l\u2019Ain, l\u2019Allier, l\u2019Ari\u00e8ge, l\u2019Aude, l\u2019Aveyron, le Cantal, la C\u00f4te-d\u2019Or, le Doubs, le Gard, le Gers, la Haute-Garonne, la Haute-Loire, les Hautes-Pyr\u00e9n\u00e9es, l\u2019H\u00e9rault, le Jura, la Loire, le Lot, la Loz\u00e8re, le Puy-de-D\u00f4me, les Pyr\u00e9n\u00e9es-Atlantiques, le Rh\u00f4ne, la Sa\u00f4ne-et-Loire, le Tarn-et-Garonne, le Tarn, et les Vosges.<\/p>\n<p class=\"asset asset-text\">Le Doubs, le Jura, l\u2019Ain, la Loz\u00e8re, le Gard et l\u2019H\u00e9rault seront concern\u00e9s par ce niveau d\u2019alerte jusqu\u2019\u00e0 6\u00a0heures jeudi. Les autres d\u00e9partements seront r\u00e9trograd\u00e9s en jaune d\u00e8s minuit.<\/p>\n<p class=\"asset asset-text\">\u00ab\u00a0Un axe pluvio-orageux s\u2019intensifiera dans l\u2019apr\u00e8s-midi de mercredi sur l\u2019Auvergne et s\u2019\u00e9tendra en soir\u00e9e et nuit de mercredi \u00e0 jeudi vers le nord-est. Une deuxi\u00e8me salve orageuse est attendue sur le sud-ouest pour la soir\u00e9e de mercredi, le caract\u00e8re pr\u00e9cipitant et gr\u00ealig\u00e8ne sera marqu\u00e9. Pour la nuit de mercredi \u00e0 jeudi, le Languedoc Roussillon sera \u00e9galement impact\u00e9\u00a0\u00bb, d\u00e9taille M\u00e9t\u00e9o France.<\/p>\n<p> La lecture de ce contenu est susceptible d\u2019entra\u00eener un d\u00e9p\u00f4t de cookies de la part de l\u2019op\u00e9rateur tiers qui l\u2019h\u00e9berge. Compte-tenu des choix que vous avez exprim\u00e9s en mati\u00e8re de d\u00e9p\u00f4t de cookies, nous avons bloqu\u00e9 l\u2019affichage de ce contenu. Si vous souhaitez y acc\u00e9der, vous devez accepter la cat\u00e9gorie de cookies \u201cContenus tiers\u201d en cliquant sur le bouton ci-dessous. <\/p>\n<p> Lire la Vid\u00e9o        <\/p>\n<p class=\"asset asset-text\">Le pr\u00e9visionniste pr\u00e9voit plus pr\u00e9cis\u00e9ment \u00ab\u00a0de forts cumuls de pluie en peu de temps de l\u2019ordre de 20 \u00e0 40\u00a0mm en 1h voire 50\u00a0mm\u00a0\u00bb voire localement \u00ab\u00a050 \u00e0 80\u00a0mm sur l\u2019\u00e9pisode\u00a0\u00bb. Il faudra s\u2019attendre \u00e0 de la \u00ab\u00a0grosse gr\u00eale\u00a0\u00bb dans le sud-ouest ainsi que \u00ab\u00a0des rafales de vent de 70 \u00e0 80\u00a0km\/h, tr\u00e8s localement 90-100\u00a0km\/h\u00a0\u00bb.<\/p>\n<p class=\"asset asset-text\">De nouveaux bulletins seront publi\u00e9s plus tard dans la journ\u00e9e. Et l\u2019institut m\u00e9t\u00e9o n\u2019\u00e9carte pas \u00ab\u00a0une aggravation du niveau de vigilance vers l\u2019orange n\u2019est pas encore exclue, il convient donc de se tenir inform\u00e9 lors des prochaines cartes de vigilance\u00a0\u00bb.<\/p>\n","protected":false},"excerpt":{"rendered":"Tom Regnault \/ Getty Images\/500px Des orages n\u00e9cessitant une vigilance accrue sont attendus d\u00e8s ce vendredi soir en&hellip;\n","protected":false},"author":2,"featured_media":347057,"comment_status":"","ping_status":"","sticky":false,"template":"","format":"standard","meta":{"footnotes":""},"categories":[2],"tags":[11,1011,27,2487,12,4594,27202],"class_list":{"0":"post-347056","1":"post","2":"type-post","3":"status-publish","4":"format-standard","5":"has-post-thumbnail","7":"category-actualites","8":"tag-actualites","9":"tag-fr","10":"tag-france","11":"tag-meteo","12":"tag-news","13":"tag-orages","14":"tag-vigilance-orange"},"share_on_mastodon":{"url":"https:\/\/pubeurope.com\/@fr\/115099553251466289","error":""},"_links":{"self":[{"href":"https:\/\/www.europesays.com\/fr\/wp-json\/wp\/v2\/posts\/347056","targetHints":{"allow":["GET"]}}],"collection":[{"href":"https:\/\/www.europesays.com\/fr\/wp-json\/wp\/v2\/posts"}],"about":[{"href":"https:\/\/www.europesays.com\/fr\/wp-json\/wp\/v2\/types\/post"}],"author":[{"embeddable":true,"href":"https:\/\/www.europesays.com\/fr\/wp-json\/wp\/v2\/users\/2"}],"replies":[{"embeddable":true,"href":"https:\/\/www.europesays.com\/fr\/wp-json\/wp\/v2\/comments?post=347056"}],"version-history":[{"count":0,"href":"https:\/\/www.europesays.com\/fr\/wp-json\/wp\/v2\/posts\/347056\/revisions"}],"wp:featuredmedia":[{"embeddable":true,"href":"https:\/\/www.europesays.com\/fr\/wp-json\/wp\/v2\/media\/347057"}],"wp:attachment":[{"href":"https:\/\/www.europesays.com\/fr\/wp-json\/wp\/v2\/media?parent=347056"}],"wp:term":[{"taxonomy":"category","embeddable":true,"href":"https:\/\/www.europesays.com\/fr\/wp-json\/wp\/v2\/categories?post=347056"},{"taxonomy":"post_tag","embeddable":true,"href":"https:\/\/www.europesays.com\/fr\/wp-json\/wp\/v2\/tags?post=347056"}],"curies":[{"name":"wp","href":"https:\/\/api.w.org\/{rel}","templated":true}]}}