{"id":347058,"date":"2025-08-27T07:29:10","date_gmt":"2025-08-27T07:29:10","guid":{"rendered":"https:\/\/www.europesays.com\/fr\/347058\/"},"modified":"2025-08-27T07:29:10","modified_gmt":"2025-08-27T07:29:10","slug":"ou-manger-de-bonnes-rapees-stephanoises","status":"publish","type":"post","link":"https:\/\/www.europesays.com\/fr\/347058\/","title":{"rendered":"O\u00f9 manger de bonnes r\u00e2p\u00e9es st\u00e9phanoises\u00a0?"},"content":{"rendered":"<p class=\"is-style-chapo\">C\u2019est bient\u00f4t la rentr\u00e9e. Bon nombre d\u2019entre nous ont besoin de r\u00e9confort. Pour \u00e7a, quoi de mieux qu\u2019un bon plat de r\u00e2p\u00e9es st\u00e9phanoises, comme les faisaient votre m\u00e8re ou votre grand-m\u00e8re\u00a0? Pour retrouver ce plat anti-d\u00e9prime, voici quelques adresses o\u00f9 manger de bonnes r\u00e2p\u00e9es st\u00e9phanoises, \u00e0 Saint-Etienne.<\/p>\n<p><img loading=\"lazy\" decoding=\"async\" width=\"1024\" height=\"576\" src=\"https:\/\/www.europesays.com\/fr\/wp-content\/uploads\/2025\/08\/reibekuchen-3852022_1280-1-1024x576.jpg\" alt=\"\" class=\"wp-image-80302\"  \/><\/p>\n<p>1 \u2013 Restaurant la R\u00e2p\u00e9e<\/p>\n<p>Vous ne pouvez pas vous tromper, le nom parle de lui-m\u00eame. Au restaurant <a href=\"https:\/\/www.restaurant-larapee.fr\/cuisine\" target=\"_blank\" rel=\"noreferrer noopener\">La R\u00e2p\u00e9e<\/a>, rue Xavier Privas, on sert des galettes de pomme de terre depuis 40 ans. Avec une petite particularit\u00e9 cependant, puisque celles-ci sont pr\u00e9sent\u00e9es en forme de boulettes et sont cuites au feu de bois. Et comme le veut la tradition, elles peuvent s\u2019accompagner de cuisses de grenouilles\u2026<\/p>\n<p>2 \u2013 Auberge Les Gen\u00eats d\u2019Or<\/p>\n<p>Perch\u00e9e sur les hauteurs de Saint-Etienne, <a href=\"https:\/\/www.lesgenetsdor42.fr\/contact\" target=\"_blank\" rel=\"noreferrer noopener\">l\u2019Auberge les Gen\u00eats d\u2019Or<\/a> est une institution. Dans un cadre exceptionnel, elle vous propose de d\u00e9couvrir les sp\u00e9cialit\u00e9s r\u00e9gionales, dont un menu qui propose de la charcuterie locale et un plat de r\u00e2p\u00e9es st\u00e9phanoises. Avec, en prime, une vue \u00e0 couper le souffle.<\/p>\n<p>3 \u2013 Auberge de Rochetaill\u00e9e<\/p>\n<p>Au c\u0153ur du village, <a href=\"http:\/\/www.auberge-rochetaillee.fr\/\" target=\"_blank\" rel=\"noreferrer noopener\">l\u2019auberge de Rochetaill\u00e9e<\/a> vous offre une vue panoramique sur le <a href=\"https:\/\/www.if-saint-etienne.fr\/societe\/le-gouffre-denfer-fera-bientot-reellement-barrage-aux-crues\" target=\"_blank\" rel=\"noreferrer noopener\">gouffre d\u2019enfer<\/a>. Le chef y propose un menu traditionnel de r\u00e2p\u00e9es st\u00e9phanoises, accompagn\u00e9es de charcuterie ou de cuisses de grenouilles.<\/p>\n<p>4 \u2013 Brasserie Geoffroy Guichard<\/p>\n<p>Les week-ends et jours f\u00e9ri\u00e9s, la <a href=\"https:\/\/www.if-saint-etienne.fr\/culture-loisirs\/tendances-gastronomie\/la-brasserie-geoffroy-guichard-attaque-les-travaux\" target=\"_blank\" rel=\"noreferrer noopener\">Brasserie Geoffroy Guichard<\/a>, situ\u00e9e au c\u0153ur du stade, propose un menu st\u00e9phanois. Parmi les plats familiers comme le p\u00e2t\u00e9 chaud, ou le barboton, on trouve les grenouilles persill\u00e9es accompagn\u00e9es de r\u00e2p\u00e9es de pomme de terre. Avec vue sur la pelouse comme mise en bouche.<\/p>\n<p>5 \u2013 Auberge du Bernay<\/p>\n<p>Rue Nic\u00e9phore Ni\u00e9pce \u00e0 Saint-Etienne, <a href=\"https:\/\/aubergedubernay.eatbu.com\/?lang=fr#\" target=\"_blank\" rel=\"noreferrer noopener\">l\u2019Auberge du Bernay<\/a> propose \u00e0 ses clients une cuisine de terroir. Ainsi, le week-end, on y retrouve les traditionnelles grenouilles en persillade, de la charcuterie maison, mais aussi des r\u00e2p\u00e9es st\u00e9phanoises.<\/p>\n","protected":false},"excerpt":{"rendered":"C\u2019est bient\u00f4t la rentr\u00e9e. Bon nombre d\u2019entre nous ont besoin de r\u00e9confort. Pour \u00e7a, quoi de mieux qu\u2019un&hellip;\n","protected":false},"author":2,"featured_media":347059,"comment_status":"","ping_status":"","sticky":false,"template":"","format":"standard","meta":{"footnotes":""},"categories":[9653],"tags":[1111,11,2430,48312,1777,674,1011,27,28766,12,48313,25,46881,4001,48314],"class_list":{"0":"post-347058","1":"post","2":"type-post","3":"status-publish","4":"format-standard","5":"has-post-thumbnail","7":"category-saint-etienne","8":"tag-actu","9":"tag-actualites","10":"tag-auvergne-rhone-alpes","11":"tag-brasserie-de-geoffroy-guichard","12":"tag-eu","13":"tag-europe","14":"tag-fr","15":"tag-france","16":"tag-gustatif","17":"tag-news","18":"tag-rapee-stephanoise","19":"tag-republique-francaise","20":"tag-restaurants-saint-etienne","21":"tag-saint-etienne","22":"tag-specialites-locales-loire"},"share_on_mastodon":{"url":"https:\/\/pubeurope.com\/@fr\/115099557274070181","error":""},"_links":{"self":[{"href":"https:\/\/www.europesays.com\/fr\/wp-json\/wp\/v2\/posts\/347058","targetHints":{"allow":["GET"]}}],"collection":[{"href":"https:\/\/www.europesays.com\/fr\/wp-json\/wp\/v2\/posts"}],"about":[{"href":"https:\/\/www.europesays.com\/fr\/wp-json\/wp\/v2\/types\/post"}],"author":[{"embeddable":true,"href":"https:\/\/www.europesays.com\/fr\/wp-json\/wp\/v2\/users\/2"}],"replies":[{"embeddable":true,"href":"https:\/\/www.europesays.com\/fr\/wp-json\/wp\/v2\/comments?post=347058"}],"version-history":[{"count":0,"href":"https:\/\/www.europesays.com\/fr\/wp-json\/wp\/v2\/posts\/347058\/revisions"}],"wp:featuredmedia":[{"embeddable":true,"href":"https:\/\/www.europesays.com\/fr\/wp-json\/wp\/v2\/media\/347059"}],"wp:attachment":[{"href":"https:\/\/www.europesays.com\/fr\/wp-json\/wp\/v2\/media?parent=347058"}],"wp:term":[{"taxonomy":"category","embeddable":true,"href":"https:\/\/www.europesays.com\/fr\/wp-json\/wp\/v2\/categories?post=347058"},{"taxonomy":"post_tag","embeddable":true,"href":"https:\/\/www.europesays.com\/fr\/wp-json\/wp\/v2\/tags?post=347058"}],"curies":[{"name":"wp","href":"https:\/\/api.w.org\/{rel}","templated":true}]}}