{"id":347060,"date":"2025-08-27T07:30:12","date_gmt":"2025-08-27T07:30:12","guid":{"rendered":"https:\/\/www.europesays.com\/fr\/347060\/"},"modified":"2025-08-27T07:30:12","modified_gmt":"2025-08-27T07:30:12","slug":"ligue-2-le-gf38-devoile-son-troisieme-maillot-aux-couleurs-du-dauphine","status":"publish","type":"post","link":"https:\/\/www.europesays.com\/fr\/347060\/","title":{"rendered":"Ligue 2. Le GF38 d\u00e9voile son troisi\u00e8me maillot, aux couleurs du Dauphin\u00e9"},"content":{"rendered":"<p>Le Grenoble Foot 38 a pr\u00e9sent\u00e9 ce mardi son nouveau maillot, le troisi\u00e8me. Une tenue \u00ab qui rend hommage au Dauphin\u00e9, son histoire et son identit\u00e9. Plus qu\u2019un simple maillot, c\u2019est une d\u00e9claration d\u2019appartenance \u00e0 un territoire et \u00e0 ses valeurs.<\/p>\n<p>D&rsquo;apr\u00e8s le communiqu\u00e9, le GF38, est \u00ab\u00a0 l\u2019\u00e9cho moderne de cette histoire. Un club qui porte les couleurs de tout une r\u00e9gion, celle du Dauphin\u00e9. Bleu comme les glaciers. Rouge comme l\u2019effort. Blanc comme la neige qui unit nos sommets et le jaune de notre dauphin.\u00a0\u00bb<\/p>\n<p>Symbole fort, cette nouvelle tunique a \u00e9t\u00e9 r\u00e9v\u00e9l\u00e9e au Ch\u00e2teau de Vizille, berceau de l\u2019histoire dauphinoise, \u00ab l\u00e0 o\u00f9 l\u2019h\u00e9ritage et la m\u00e9moire rencontrent l\u2019avenir du club \u00bb. Le maillot sera port\u00e9 pour la premi\u00e8re fois <a href=\"https:\/\/www.ledauphine.com\/sport\/2025\/08\/26\/vous-etes-supporter-du-gf38-comment-aller-le-soutenir-a-saint-etienne\" target=\"_blank\" rel=\"noopener\">samedi (20h) sur la pelouse de Geoffroy-Guichard face \u00e0 l\u2019AS Saint-\u00c9tienne.<\/a><\/p>\n<p>Les couleurs traduisent \u00e0 elles seules le lien entre le GF38 et son territoire : \u00ab Bleu comme les glaciers. Rouge comme l\u2019effort. Blanc comme la neige qui unit nos sommets et le jaune de notre dauphin. \u00bb<\/p>\n<p><strong><a href=\"https:\/\/www.ledauphine.com\/sport\/calendrier-resultats\/football\/national-ligue-2\" target=\"_blank\" rel=\"noopener\">&gt;&gt;\u00a0 Retrouvez le calendrier, le classement et les r\u00e9sultats de la Ligue 2<\/a><\/strong><\/p>\n<p>Ce contenu est bloqu\u00e9 car vous n&rsquo;avez pas accept\u00e9 les cookies et autres traceurs.<\/p>\n<p>En cliquant sur \u00ab J\u2019accepte \u00bb, les cookies et autres traceurs seront d\u00e9pos\u00e9s et vous pourrez visualiser les contenus  (<a href=\"\" class=\"consentModule_policy\" target=\"_blank\" title=\"Consulter la politique de protection des donn\u00e9es du fournisseur\">plus d&rsquo;informations<\/a>).<\/p>\n<p>En cliquant sur \u00ab J\u2019accepte tous les cookies \u00bb, vous autorisez des d\u00e9p\u00f4ts de cookies et autres traceurs pour le stockage de vos donn\u00e9es sur nos sites et applications \u00e0 des fins de personnalisation et de ciblage publicitaire.<\/p>\n<p class=\"consentModule_secondaryText\">Vous gardez la possibilit\u00e9 de retirer votre consentement \u00e0 tout moment en consultant notre <a href=\"https:\/\/www.ledauphine.com\/protection-des-donnees\" target=\"_blank\" title=\"Consulter notre politique de protection des donn\u00e9es\" rel=\"noopener\">politique de protection des donn\u00e9es<\/a>. <br \/>&#13;<br \/>\n            <a href=\"https:\/\/www.ledauphine.com\/sport\/2025\/08\/27\/javascript:Didomi.notice.show()\" class=\"consentModule_cmp\" target=\"_blank\" rel=\"noopener\">G\u00e9rer mes choix<\/a>&#13;\n        <\/p>\n<p>&#13;<br \/>\n                        J&rsquo;accepte&#13;<br \/>\n            J&rsquo;accepte tous les cookies&#13;\n        <\/p>\n<p>Pour marquer ce lancement, le club a \u00e9galement imagin\u00e9 une \u00e9dition collector exclusive : l\u2019\u00c9crin du Dauphin\u00e9, produit en seulement 38 exemplaires. Con\u00e7u en Is\u00e8re, ce coffret comprend le maillot avec un flocage unique du num\u00e9ro 38 sign\u00e9 par l\u2019artiste grenoblois dricetea, une \u00e9charpe aux couleurs du Dauphin\u00e9 ainsi qu\u2019un drapeau revisit\u00e9. \u00ab Chaque pi\u00e8ce raconte une histoire : celle de notre h\u00e9ritage, de nos couleurs et de notre fiert\u00e9 commune \u00bb, souligne le GF38.<\/p>\n<p>Le maillot third est disponible d\u00e8s \u00e0 pr\u00e9sent sur la boutique en ligne du club et, \u00e0 partir de mercredi, au Stade des Alpes.<\/p>\n<p><strong><a href=\"https:\/\/www.ledauphine.com\/sport\/2025\/08\/25\/ligue-2-sur-quelle-chaine-regarder-asse-gf38\" target=\"_blank\" rel=\"noopener\">&gt;&gt;\u00a0\u00a0Ligue 2 : sur quelle cha\u00eene regarder ASSE &#8211; GF38 ?<\/a><\/strong><\/p>\n","protected":false},"excerpt":{"rendered":"Le Grenoble Foot 38 a pr\u00e9sent\u00e9 ce mardi son nouveau maillot, le troisi\u00e8me. Une tenue \u00ab qui rend&hellip;\n","protected":false},"author":2,"featured_media":347061,"comment_status":"","ping_status":"","sticky":false,"template":"","format":"standard","meta":{"footnotes":""},"categories":[9653],"tags":[1111,11,2430,112,113,114,1777,674,1701,63,1011,27,12637,2731,2732,108,12636,12,25,4001,517],"class_list":{"0":"post-347060","1":"post","2":"type-post","3":"status-publish","4":"format-standard","5":"has-post-thumbnail","7":"category-saint-etienne","8":"tag-actu","9":"tag-actualites","10":"tag-auvergne-rhone-alpes","11":"tag-edition-grenoble-agglomeration","12":"tag-edition-gresivaudan-oisans","13":"tag-edition-voiron-saint-marcellin","14":"tag-eu","15":"tag-europe","16":"tag-fil-info-sport","17":"tag-football","18":"tag-fr","19":"tag-france","20":"tag-gf38-grenoble-foot-38","21":"tag-grenoble","22":"tag-grenoble-bassin","23":"tag-isere","24":"tag-ligue-2-football","25":"tag-news","26":"tag-republique-francaise","27":"tag-saint-etienne","28":"tag-sport"},"share_on_mastodon":{"url":"https:\/\/pubeurope.com\/@fr\/115099561214368076","error":""},"_links":{"self":[{"href":"https:\/\/www.europesays.com\/fr\/wp-json\/wp\/v2\/posts\/347060","targetHints":{"allow":["GET"]}}],"collection":[{"href":"https:\/\/www.europesays.com\/fr\/wp-json\/wp\/v2\/posts"}],"about":[{"href":"https:\/\/www.europesays.com\/fr\/wp-json\/wp\/v2\/types\/post"}],"author":[{"embeddable":true,"href":"https:\/\/www.europesays.com\/fr\/wp-json\/wp\/v2\/users\/2"}],"replies":[{"embeddable":true,"href":"https:\/\/www.europesays.com\/fr\/wp-json\/wp\/v2\/comments?post=347060"}],"version-history":[{"count":0,"href":"https:\/\/www.europesays.com\/fr\/wp-json\/wp\/v2\/posts\/347060\/revisions"}],"wp:featuredmedia":[{"embeddable":true,"href":"https:\/\/www.europesays.com\/fr\/wp-json\/wp\/v2\/media\/347061"}],"wp:attachment":[{"href":"https:\/\/www.europesays.com\/fr\/wp-json\/wp\/v2\/media?parent=347060"}],"wp:term":[{"taxonomy":"category","embeddable":true,"href":"https:\/\/www.europesays.com\/fr\/wp-json\/wp\/v2\/categories?post=347060"},{"taxonomy":"post_tag","embeddable":true,"href":"https:\/\/www.europesays.com\/fr\/wp-json\/wp\/v2\/tags?post=347060"}],"curies":[{"name":"wp","href":"https:\/\/api.w.org\/{rel}","templated":true}]}}