{"id":347066,"date":"2025-08-27T07:36:14","date_gmt":"2025-08-27T07:36:14","guid":{"rendered":"https:\/\/www.europesays.com\/fr\/347066\/"},"modified":"2025-08-27T07:36:14","modified_gmt":"2025-08-27T07:36:14","slug":"sortir-a-montpellier-derniere-du-social-bar-fetes-comte-de-monte-cristo-des-idees-pour-ce-jeudi-28-aout","status":"publish","type":"post","link":"https:\/\/www.europesays.com\/fr\/347066\/","title":{"rendered":"Sortir \u00e0 Montpellier\u00a0: derni\u00e8re du Social Bar, f\u00eates, Comte de Monte Cristo\u2026 des id\u00e9es pour ce jeudi 28\u00a0ao\u00fbt"},"content":{"rendered":"<p>\n                                                                F\u00eate votive \u00e0 Restincli\u00e8res, Nouvelle Vague en avant-premi\u00e8re au Diagonal, f\u00eate de Grabels, contes \u00e0 La Grande-Motte, blues au Gazette Caf\u00e9, Le Comte de Monte Cristo au ch\u00e2teau de Lav\u00e9rune ou derni\u00e8re soir\u00e9e avant la fermeture du Social Bar.\n                            <\/p>\n<p>D\u00e9couvrez notre s\u00e9lection de sorties pour ce jeudi 28\u00a0ao\u00fbt 2025 du c\u00f4t\u00e9 de <a href=\"https:\/\/www.midilibre.fr\/herault\/montpellier\/\" target=\"_blank\" rel=\"nofollow noopener\">Montpellier<\/a> et faites le plein d\u2019id\u00e9es avec <a href=\"https:\/\/www.midilibre.fr\/agenda\/?path=&amp;q=&amp;where=herault%3Amontpellier&amp;insee=34172&amp;from=2025-08-28&amp;to=2025-08-28\" target=\"_blank\" rel=\"nofollow noopener\">notre agenda en ligne<\/a>.<\/p>\n<p>F\u00eate votive<\/p>\n<p><strong>Festivit\u00e9s.<\/strong> Ce jeudi \u00e0 12\u00a0heures ap\u00e9ritif anim\u00e9, \u00e0 14\u00a0h\u00a030 concours de p\u00e9tanque, \u00e0 17\u00a0h\u00a030 bandido, \u00e0 18\u00a0heures toro-piscine, \u00e0 19\u00a0heures discours d\u2019ouverture, \u00e0 20\u00a0heures repas, \u00e0 22\u00a0h\u00a030 feu d\u2019artifice, \u00e0 23\u00a0heures soir\u00e9e anim\u00e9e par Mercury.<\/p>\n<p>&gt;\u00a0<a href=\"https:\/\/www.facebook.com\/events\/1762666727981132\/?post_id=1815758349338636&amp;acontext=%7B%22event_action_history%22%3A%5B%7B%22surface%22%3A%22external_search_engine%22%7D%2C%7B%22mechanism%22%3A%22attachment_media%22%2C%22surface%22%3A%22newsfeed%22%7D%5D%2C%22ref_notif_type%22%3Anull%7D&amp;locale=fr_FR\" target=\"_blank\" rel=\"nofollow noopener\">F\u00eate votive<\/a> de <a href=\"https:\/\/www.midilibre.fr\/herault\/restinclieres\/\" target=\"_blank\" rel=\"nofollow noopener\">Restincli\u00e8res<\/a> du\u00a0jeudi\u00a028 au dimanche 31\u00a0ao\u00fbt.<\/p>\n<p>Sortie en avant-premi\u00e8re\u00a0: \u00ab\u00a0Nouvelle Vague\u00a0\u00bb<\/p>\n<p><strong>Cin\u00e9ma.<\/strong> Du mercredi 27\u00a0ao\u00fbt au mardi 2\u00a0septembre, d\u00e9couvrez \u00ab\u00a0Nouvelle Vague\u00a0\u00bb, com\u00e9die (1h45) de Richard Linklater, avec Guillaume Marbeck, Zoey Deutch, Aubry Dullin, pendant une semaine en avant-premi\u00e8re. L\u2019histoire de Godard tournant \u00ab\u00a0\u00c0 bout de souffle\u00a0\u00bb, racont\u00e9e dans le style et l\u2019esprit de Godard tournant \u00ab\u00a0\u00c0 bout de souffle\u00a0\u00bb.<\/p>\n<p>&gt;\u00a0Tous les jours\u00a0\u00e0 13\u00a0h\u00a030, \u00e0 16\u00a0h\u00a005 et\u00a0\u00e0 20\u00a0heures jusqu\u2019au 2\u00a0septembre au <a href=\"https:\/\/www.cinediagonal.com\/\" target=\"_blank\" rel=\"nofollow noopener\">cin\u00e9ma Diagonal<\/a>, 5 rue de Verdun \u00e0 <a href=\"https:\/\/www.midilibre.fr\/herault\/montpellier\/\" target=\"_blank\" rel=\"nofollow noopener\">Montpellier<\/a>. Tarif normal 8\u00a0\u20ac, \u00e9tudiant 6\u00a0\u20ac, Yoot 3,90\u00a0\u20ac. Contact au\u00a004\u00a067\u00a058\u00a058\u00a010.<\/p>\n<p>F\u00eate locale<\/p>\n<p>        <img decoding=\"async\" class=\"std-img__img responsive-img\" src=\"https:\/\/www.europesays.com\/fr\/wp-content\/uploads\/2025\/08\/1756280174_264_image.jpg\" alt=\"Trois jours de f\u00eate pour toute la famille.\"\/><\/p>\n<p>                Trois jours de f\u00eate pour toute la famille.<br \/>\n                                    Archives Midi Libre<\/p>\n<p><strong>Festivit\u00e9s.<\/strong> Ce jeudi \u00e0 15\u00a0heures concours de p\u00e9tanque, \u00e0 19\u00a0heures d\u00e9fil\u00e9 des bandes et ap\u00e9ritif, \u00e0 21\u00a0heures course au plan, \u00e0 22\u00a0heures soir\u00e9e anim\u00e9e par SK Production.<\/p>\n<p>&gt;\u00a0F\u00eate locale de <a href=\"https:\/\/www.midilibre.fr\/herault\/grabels\/\" target=\"_blank\" rel=\"nofollow noopener\">Grabels<\/a> du jeudi\u00a028 au samedi 30\u00a0ao\u00fbt, au stade de foot de l\u2019Avy. Le <a href=\"https:\/\/www.ville-grabels.fr\/agenda\/37627\/17650-fete-locale.htm\" target=\"_blank\" rel=\"nofollow noopener\">programme de la f\u00eate<\/a>.<\/p>\n<p>Le moment qui conte<\/p>\n<p><strong>Contes.<\/strong> \u00ab\u00a0Contes d\u2019aici, contes d\u2019aila\u00a0\u00bb, par Malika Verlaguet.<\/p>\n<p>&gt;\u00a0Ce jeudi 28\u00a0ao\u00fbt \u00e0 19\u00a0heures au\u00a0Point Z\u00e9ro \u00e0 <a href=\"https:\/\/www.midilibre.fr\/herault\/la-grande-motte\/\" target=\"_blank\" rel=\"nofollow noopener\">La Grande-Motte<\/a>. Gratuit, acc\u00e8s libre.<\/p>\n<p>Mojo Duo<\/p>\n<p><strong>Concert.<\/strong> Laurent Garces et Serge Auzier, deux musiciens reconnus de la sc\u00e8ne r\u00e9gionale, proposent des morceaux aux accents du Mississippi m\u00eal\u00e9s \u00e0 des boogies endiabl\u00e9s.<\/p>\n<p>&gt;\u00a0Ce\u00a0jeudi 28\u00a0ao\u00fbt \u00e0 20\u00a0heures au <a href=\"https:\/\/www.gazettecafe.com\/\" target=\"_blank\" rel=\"nofollow noopener\">Gazette Caf\u00e9<\/a>, 6 rue Levat \u00e0 <a href=\"https:\/\/www.midilibre.fr\/herault\/montpellier\/\" target=\"_blank\" rel=\"nofollow noopener\">Montpellier<\/a>. Entr\u00e9e libre.<\/p>\n<p>\u00ab\u00a0Le Comte de Monte Cristo\u00a0\u00bb<\/p>\n<p><a href=\"https:\/\/www.domainedo.fr\/spectacles\/cine-metropole\" target=\"_blank\" rel=\"nofollow noopener\">Cin\u00e9ma sous les \u00e9toiles.<\/a> D\u00e8s 20\u00a0heures ambiance guinguette avec foodtrucks. \u00c0 21\u00a0h\u00a030, projection de \u00ab\u00a0Le Comte de Monte Cristo\u00a0\u00bb, film d\u2019aventure, historique, de Matthieu Delaporte, Alexandre de La Patelli\u00e8re (2024) avec Pierre Niney, Bastien Bouillon, Ana\u00efs Demoustier. Lieu de tournage en Occitanie\u00a0: Ch\u00e2teau de l\u2019Engarran (Lav\u00e9rune).<\/p>\n<p>&gt;\u00a0Ce jeudi 28\u00a0ao\u00fbt \u00e0 partir de 20\u00a0heures au parc du ch\u00e2teau des \u00c9v\u00eaques \u00e0 <a href=\"https:\/\/www.midilibre.fr\/herault\/laverune\/\" target=\"_blank\" rel=\"nofollow noopener\">Lav\u00e9rune<\/a>. Entr\u00e9e libre, projection gratuite.<\/p>\n<p>Soir\u00e9e de fermeture d\u00e9finitive du Social Bar<\/p>\n<p><strong>F\u00eate.\u00a0<\/strong>Au programme\u00a0: DJ set, tatouages et piercings, strass dentaires et trois agents de convivialit\u00e9.<\/p>\n<p>&gt;\u00a0Ce\u00a0jeudi 28\u00a0ao\u00fbt de\u00a021\u00a0h \u00e0 2\u00a0heures au<a href=\"https:\/\/www.facebook.com\/lesocialbarmontpellier\" target=\"_blank\" rel=\"nofollow noopener\"> Social Bar<\/a>, 48 square de la Babote \u00e0 <a href=\"https:\/\/www.midilibre.fr\/herault\/montpellier\/\" target=\"_blank\" rel=\"nofollow noopener\">Montpellier<\/a>. Entr\u00e9e libre.<\/p>\n","protected":false},"excerpt":{"rendered":"F\u00eate votive \u00e0 Restincli\u00e8res, Nouvelle Vague en avant-premi\u00e8re au Diagonal, f\u00eate de Grabels, contes \u00e0 La Grande-Motte, blues&hellip;\n","protected":false},"author":2,"featured_media":347067,"comment_status":"","ping_status":"","sticky":false,"template":"","format":"standard","meta":{"footnotes":""},"categories":[9599],"tags":[1111,11,1777,674,1011,27,2208,12,2680,25],"class_list":{"0":"post-347066","1":"post","2":"type-post","3":"status-publish","4":"format-standard","5":"has-post-thumbnail","7":"category-montpellier","8":"tag-actu","9":"tag-actualites","10":"tag-eu","11":"tag-europe","12":"tag-fr","13":"tag-france","14":"tag-montpellier","15":"tag-news","16":"tag-occitanie","17":"tag-republique-francaise"},"share_on_mastodon":{"url":"https:\/\/pubeurope.com\/@fr\/115099585994718903","error":""},"_links":{"self":[{"href":"https:\/\/www.europesays.com\/fr\/wp-json\/wp\/v2\/posts\/347066","targetHints":{"allow":["GET"]}}],"collection":[{"href":"https:\/\/www.europesays.com\/fr\/wp-json\/wp\/v2\/posts"}],"about":[{"href":"https:\/\/www.europesays.com\/fr\/wp-json\/wp\/v2\/types\/post"}],"author":[{"embeddable":true,"href":"https:\/\/www.europesays.com\/fr\/wp-json\/wp\/v2\/users\/2"}],"replies":[{"embeddable":true,"href":"https:\/\/www.europesays.com\/fr\/wp-json\/wp\/v2\/comments?post=347066"}],"version-history":[{"count":0,"href":"https:\/\/www.europesays.com\/fr\/wp-json\/wp\/v2\/posts\/347066\/revisions"}],"wp:featuredmedia":[{"embeddable":true,"href":"https:\/\/www.europesays.com\/fr\/wp-json\/wp\/v2\/media\/347067"}],"wp:attachment":[{"href":"https:\/\/www.europesays.com\/fr\/wp-json\/wp\/v2\/media?parent=347066"}],"wp:term":[{"taxonomy":"category","embeddable":true,"href":"https:\/\/www.europesays.com\/fr\/wp-json\/wp\/v2\/categories?post=347066"},{"taxonomy":"post_tag","embeddable":true,"href":"https:\/\/www.europesays.com\/fr\/wp-json\/wp\/v2\/tags?post=347066"}],"curies":[{"name":"wp","href":"https:\/\/api.w.org\/{rel}","templated":true}]}}