{"id":347068,"date":"2025-08-27T07:37:11","date_gmt":"2025-08-27T07:37:11","guid":{"rendered":"https:\/\/www.europesays.com\/fr\/347068\/"},"modified":"2025-08-27T07:37:11","modified_gmt":"2025-08-27T07:37:11","slug":"top-14-caudullo-met-la-barre-haut-ce-sera-le-top-6-ou-rien-pour-montpellier","status":"publish","type":"post","link":"https:\/\/www.europesays.com\/fr\/347068\/","title":{"rendered":"Top 14. Caudullo met la barre haut : ce sera le Top 6 ou rien pour Montpellier"},"content":{"rendered":"<p data-start=\"869\" data-end=\"1250\">Le ton est donn\u00e9. <a href=\"https:\/\/www.lerugbynistere.fr\/fiches-joueurs\/joan-caudullo.php\" ui-sref=\"app.player({playerId: 424})\" alt=\"Joan Caudullo\" data-route=\"app.player\" data-param=\"playerId\" data-id=\"424\" rel=\"nofollow noopener\" target=\"_blank\">Joan Caudullo<\/a> ne veut plus d\u2019un <a href=\"https:\/\/www.lerugbynistere.fr\/clubs\/mhrc-montpellier.php\" ui-sref=\"app.team({teamId: 36})\" alt=\"Montpellier\" data-route=\"app.team\" data-param=\"teamId\" data-id=\"36\" rel=\"nofollow noopener\" target=\"_blank\">Montpellier<\/a> qui navigue dans le ventre mou. Apr\u00e8s une saison d\u00e9cevante conclue \u00e0 la neuvi\u00e8me place, le manager des Cistes a fix\u00e9 le cap : le Top 6 ou rien.<\/p>\n<p data-start=\"869\" data-end=\"1250\"><strong>\u00ab On n\u2019a pas l\u2019objectif de finir 9e ou 8e.<\/strong> On veut finir dans les six premiers et jouer les phases finales \u00bb, a-t-il rappel\u00e9 pour Midi Libre avant le deuxi\u00e8me match amical face \u00e0 <a href=\"https:\/\/www.lerugbynistere.fr\/clubs\/usap-perpignan.php\" ui-sref=\"app.team({teamId: 52})\" alt=\"Perpignan\" data-route=\"app.team\" data-param=\"teamId\" data-id=\"52\" rel=\"nofollow noopener\" target=\"_blank\">Perpignan<\/a>.<\/p>\n<p data-start=\"869\" data-end=\"1250\"><a class=\"inserer_lien_article\" href=\"https:\/\/www.lerugbynistere.fr\/news\/top-14-limiter-les-interactions-avec-lun-le-duo-patat-travers-deja-face-aux-difficultes-2608251721.php\" data-id=\"45930\" data-route=\"app.article\" data-param=\"articleId\" ui-sref=\"app.article({articleId: 45930})\" alt=\"TOP 14. &#039;&#039;Limiter les interactions&#039;&#039; avec l&#039;un : le &#039;&#039;duo&#039;&#039; Patat-Travers (d\u00e9j\u00e0) face aux difficult\u00e9s ?\" title=\"TOP 14. &#039;&#039;Limiter les interactions&#039;&#039; avec l&#039;un : le &#039;&#039;duo&#039;&#039; Patat-Travers (d\u00e9j\u00e0) face aux difficult\u00e9s ?\" rel=\"nofollow noopener\" target=\"_blank\"><img decoding=\"async\" src=\"https:\/\/www.europesays.com\/fr\/wp-content\/uploads\/2025\/08\/tensions-entre-patat-et-travers-26-08-25-4885.jpg\" alt=\"TOP 14. ''Limiter les interactions'' avec l'un : le ''duo'' Patat-Travers (d\u00e9j\u00e0) face aux difficult\u00e9s ?\"\/>TOP 14. \u00a0\u00bbLimiter les interactions\u00a0\u00bb avec l&rsquo;un : le \u00a0\u00bbduo\u00a0\u00bb Patat-Travers (d\u00e9j\u00e0) face aux difficult\u00e9s ?<\/a><\/p>\n<blockquote class=\"twitter-tweet\"><p>&#13;<\/p>\n<p lang=\"fr\" dir=\"ltr\">La Dolce Vita Montpelli\u00e9raine \ud83c\udf1e<\/p>\n<p>Le calme de la plage, la chaleur de l\u2019\u00e9t\u00e9, et un air qui insuffle cette douce insouciance qu\u2019on appelle\u2026 la dolce vita.<\/p>\n<p>Voici nos \ud835\udc27\ud835\udc28\ud835\udc2e\ud835\udc2f\ud835\udc1e\ud835\udc1a\ud835\udc2e\ud835\udc31 \ud835\udc26\ud835\udc1a\ud835\udc22\ud835\udc25\ud835\udc25\ud835\udc28\ud835\udc2d\ud835\udc2c \ud835\udc07\ud835\udc28\ud835\udc26\ud835\udc1e &amp; \ud835\udc00\ud835\udc30\ud835\udc1a\ud835\udc32 par \u2066<a href=\"https:\/\/twitter.com\/hummelFrance?ref_src=twsrc%5Etfw\" rel=\"nofollow noopener\" target=\"_blank\">@hummelFrance<\/a>\u2069 \ud83d\udc99\ud83e\udd0d<\/p>\n<p>\ud83d\udccdBient\u00f4t en <a href=\"https:\/\/boutique.lerugbynistere.fr\" alt=\"Boutique\" rel=\"nofollow noopener\" target=\"_blank\">boutique<\/a> <a href=\"https:\/\/t.co\/B8SxMBwH1B\" rel=\"nofollow\">pic.twitter.com\/B8SxMBwH1B<\/a><\/p>\n<p>&#13;<br \/>\n\u2014 Montpellier Rugby (@MHR_officiel) <a href=\"https:\/\/twitter.com\/MHR_officiel\/status\/1949894975400931557?ref_src=twsrc%5Etfw\" rel=\"nofollow noopener\" target=\"_blank\">July 28, 2025<\/a><\/p><\/blockquote>\n<p>L&rsquo;ann\u00e9e 2 de Caudullo<\/p>\n<p data-start=\"1252\" data-end=\"1590\">Le message est clair, mais pas sans pression. Dans un <a href=\"https:\/\/www.lerugbynistere.fr\/championnats\/top-14\" ui-sref=\"app.competition({competitionId: 1})\" alt=\"Top 14\" data-route=\"app.competition\" data-param=\"competitionId\" data-id=\"1\" rel=\"nofollow noopener\" target=\"_blank\">Top 14<\/a> toujours plus dense, le boss montpelli\u00e9rain estime que treize \u00e9quipes peuvent pr\u00e9tendre au Top 6. \u00ab On sait que \u00e7a peut aller vite et qu\u2019on peut aussi tomber bas \u00bb, reconna\u00eet-il. Mais avec <strong>les moyens mis par le pr\u00e9sident et une ossature d\u00e9j\u00e0 en place, l\u2019ambition est assum\u00e9e.<\/strong><\/p>\n<p data-start=\"1592\" data-end=\"2006\">Le MHR sort d\u2019un premier test rassurant contre <a href=\"https:\/\/www.lerugbynistere.fr\/clubs\/section-paloise.php\" ui-sref=\"app.team({teamId: 41})\" alt=\"Pau\" data-route=\"app.team\" data-param=\"teamId\" data-id=\"41\" rel=\"nofollow noopener\" target=\"_blank\">Pau<\/a> (26-5), avec une intensit\u00e9 et une ma\u00eetrise dans les zones de contact. Reste d\u00e9sormais \u00e0 confirmer la r\u00e9gularit\u00e9, point faible de la saison pass\u00e9e. \u00ab On a manqu\u00e9 de patience, on a fait le yo-yo \u00bb, conc\u00e8de Caudullo, lucide sur l\u2019apprentissage de son jeune staff. Cette ann\u00e9e, <strong>il veut de la continuit\u00e9 et de la rigueur<\/strong> pour \u00e9viter de revivre les m\u00eames trous d\u2019air.<\/p>\n<p>Avec quel groupe ?<\/p>\n<p data-start=\"2008\" data-end=\"2455\">C\u00f4t\u00e9 effectif, le club a envoy\u00e9 un signal fort en verrouillant <a href=\"https:\/\/www.lerugbynistere.fr\/fiches-joueurs\/lenny-nouchi.php\" ui-sref=\"app.player({playerId: 13178})\" alt=\"Lenni Nouchi\" data-route=\"app.player\" data-param=\"playerId\" data-id=\"13178\" rel=\"nofollow noopener\" target=\"_blank\">Lenni Nouchi<\/a> jusqu\u2019en 2028 et <a href=\"https:\/\/www.lerugbynistere.fr\/fiches-joueurs\/baptiste-erdocio.php\" ui-sref=\"app.player({playerId: 8325})\" alt=\"Baptiste Erdocio\" data-route=\"app.player\" data-param=\"playerId\" data-id=\"8325\" rel=\"nofollow noopener\" target=\"_blank\">Baptiste Erdocio<\/a> jusqu\u2019en 2029. Autour de leaders install\u00e9s (Camara, Vincent, B\u00e9cogn\u00e9e, Vunipola), les nouvelles recrues viendront s\u2019int\u00e9grer progressivement. Le recrutement, encore une fois international, apporte de la profondeur avec <strong>Price, Riccitelli, Beard ou encore Gleeson.<\/strong> Mais l\u2019ossature reste montpelli\u00e9raine, et c\u2019est ce qui pla\u00eet au manager.<\/p>\n<blockquote class=\"twitter-tweet\"><p>&#13;<\/p>\n<p lang=\"fr\" dir=\"ltr\">Baptiste Erdocio reste Ciste \ud83d\udc99<\/p>\n<p>Le neo international restera au club jusqu\u2019en 2029 ! <a href=\"https:\/\/t.co\/lGuKToCqRK\" rel=\"nofollow\">pic.twitter.com\/lGuKToCqRK<\/a><\/p>\n<p>&#13;<br \/>\n\u2014 Montpellier Rugby (@MHR_officiel) <a href=\"https:\/\/twitter.com\/MHR_officiel\/status\/1954935850334065108?ref_src=twsrc%5Etfw\" rel=\"nofollow noopener\" target=\"_blank\">August 11, 2025<\/a><\/p><\/blockquote>\n<p data-start=\"2457\" data-end=\"2767\">La deuxi\u00e8me r\u00e9p\u00e9tition face \u00e0 Perpignan doit pr\u00e9parer le groupe au choc d\u2019ouverture contre <a href=\"https:\/\/www.lerugbynistere.fr\/clubs\/rugby-club-toulonnais.php\" ui-sref=\"app.team({teamId: 28})\" alt=\"Toulon\" data-route=\"app.team\" data-param=\"teamId\" data-id=\"28\" rel=\"nofollow noopener\" target=\"_blank\">Toulon<\/a> le 6 septembre, avant un d\u00e9placement compliqu\u00e9 \u00e0 <a href=\"https:\/\/www.lerugbynistere.fr\/clubs\/aviron-bayonnais.php\" ui-sref=\"app.team({teamId: 43})\" alt=\"Bayonne\" data-route=\"app.team\" data-param=\"teamId\" data-id=\"43\" rel=\"nofollow noopener\" target=\"_blank\">Bayonne<\/a>. <strong>\u00ab On veut se rapprocher de ce qui va se passer en championnat \u00bb<\/strong>, insiste Caudullo, qui garde 30 \u00e0 35 joueurs impliqu\u00e9s pour cr\u00e9er une saine concurrence.<\/p>\n<p data-start=\"2769\" data-end=\"3057\">L\u2019\u00e9quation est simple : \u00eatre au rendez-vous d\u00e8s les premi\u00e8res journ\u00e9es et ne pas se tirer une balle dans le pied comme la saison derni\u00e8re, battus d\u2019entr\u00e9e par <a href=\"https:\/\/www.lerugbynistere.fr\/clubs\/lou-rugby.php\" ui-sref=\"app.team({teamId: 44})\" alt=\"Lyon\" data-route=\"app.team\" data-param=\"teamId\" data-id=\"44\" rel=\"nofollow noopener\" target=\"_blank\">Lyon<\/a>.<strong> Le MHR a de l\u2019ambition, de la profondeur et une pr\u00e9paration plus aboutie.<\/strong> Reste \u00e0 voir si les actes suivront les paroles.<\/p>\n<p>                            <script async src=\"https:\/\/platform.twitter.com\/widgets.js\" charset=\"utf-8\"><\/script><\/p>\n","protected":false},"excerpt":{"rendered":"Le ton est donn\u00e9. Joan Caudullo ne veut plus d\u2019un Montpellier qui navigue dans le ventre mou. Apr\u00e8s&hellip;\n","protected":false},"author":2,"featured_media":347069,"comment_status":"","ping_status":"","sticky":false,"template":"","format":"standard","meta":{"footnotes":""},"categories":[9599],"tags":[1111,11,1777,674,1011,27,2208,12,2680,25],"class_list":{"0":"post-347068","1":"post","2":"type-post","3":"status-publish","4":"format-standard","5":"has-post-thumbnail","7":"category-montpellier","8":"tag-actu","9":"tag-actualites","10":"tag-eu","11":"tag-europe","12":"tag-fr","13":"tag-france","14":"tag-montpellier","15":"tag-news","16":"tag-occitanie","17":"tag-republique-francaise"},"share_on_mastodon":{"url":"https:\/\/pubeurope.com\/@fr\/115099588589774060","error":""},"_links":{"self":[{"href":"https:\/\/www.europesays.com\/fr\/wp-json\/wp\/v2\/posts\/347068","targetHints":{"allow":["GET"]}}],"collection":[{"href":"https:\/\/www.europesays.com\/fr\/wp-json\/wp\/v2\/posts"}],"about":[{"href":"https:\/\/www.europesays.com\/fr\/wp-json\/wp\/v2\/types\/post"}],"author":[{"embeddable":true,"href":"https:\/\/www.europesays.com\/fr\/wp-json\/wp\/v2\/users\/2"}],"replies":[{"embeddable":true,"href":"https:\/\/www.europesays.com\/fr\/wp-json\/wp\/v2\/comments?post=347068"}],"version-history":[{"count":0,"href":"https:\/\/www.europesays.com\/fr\/wp-json\/wp\/v2\/posts\/347068\/revisions"}],"wp:featuredmedia":[{"embeddable":true,"href":"https:\/\/www.europesays.com\/fr\/wp-json\/wp\/v2\/media\/347069"}],"wp:attachment":[{"href":"https:\/\/www.europesays.com\/fr\/wp-json\/wp\/v2\/media?parent=347068"}],"wp:term":[{"taxonomy":"category","embeddable":true,"href":"https:\/\/www.europesays.com\/fr\/wp-json\/wp\/v2\/categories?post=347068"},{"taxonomy":"post_tag","embeddable":true,"href":"https:\/\/www.europesays.com\/fr\/wp-json\/wp\/v2\/tags?post=347068"}],"curies":[{"name":"wp","href":"https:\/\/api.w.org\/{rel}","templated":true}]}}