{"id":347070,"date":"2025-08-27T07:38:15","date_gmt":"2025-08-27T07:38:15","guid":{"rendered":"https:\/\/www.europesays.com\/fr\/347070\/"},"modified":"2025-08-27T07:38:15","modified_gmt":"2025-08-27T07:38:15","slug":"des-trains-supprimes-ou-retardes-ce-mercredi","status":"publish","type":"post","link":"https:\/\/www.europesays.com\/fr\/347070\/","title":{"rendered":"des trains supprim\u00e9s ou retard\u00e9s ce mercredi"},"content":{"rendered":"<p>            Par<br \/>\n        <strong><br \/>\n            <a href=\"https:\/\/actu.fr\/auteur\/eaube\" title=\"Consulter tous les articles de Elo\u00efse Aub\u00e9\" target=\"_blank\" rel=\"noopener\">Elo\u00efse Aub\u00e9<\/a><br \/>\n        <\/strong><\/p>\n<p>        Publi\u00e9 le<\/p>\n<p>            27 ao\u00fbt 2025 \u00e0 9h21        <\/p>\n<p>Un peu avant 8h30 ce mercredi 27\u00a0ao\u00fbt 2025, un d\u00e9rangement d\u2019installation entre Cl\u00e8res et Auffay (Seine-Maritime) sur la ligne SNCF <a href=\"https:\/\/actu.fr\/normandie\/rouen_76540\" target=\"_blank\" rel=\"noopener\">Rouen<\/a> \u2013 Dieppe perturbe fortement la circulation des trains. Concr\u00e8tement, il s\u2019agit \u00ab\u2009d\u2019une <strong>panne des installations \u00e9lectriques<\/strong> qui permettent la bonne circulation des trains\u2009\u00bb, indique \u00e0 76actu la SNCF.<\/p>\n<p class=\" wall-content\">On fait le point sur l\u2019\u00e9tat de la circulation en ce d\u00e9but de matin\u00e9e.<\/p>\n<p>Regardez bien votre ligne<\/p>\n<p class=\" wall-content\"><strong>Les trains supprim\u00e9s dans les deux sens\u2009:<\/strong><\/p>\n<p class=\" wall-content\"><strong>Les retards\u2009:<\/strong><\/p>\n<ul class=\" wall-content\">\n<li>le 851703\u2009: 65 min de retard<\/li>\n<li>le 851712\u2009: 60 min de retard (passage du train en format \u00ab\u2009long\u2009\u00bb afin de compenser la suppression du 851710)<\/li>\n<li>le 851708\u2009: 65 min de retard<\/li>\n<li>le 851705\u2009: 50 min de retard<\/li>\n<\/ul>\n<p class=\" wall-content\">Les \u00e9quipes sont actuellement sur place pour poser un diagnostic et r\u00e9tablir la circulation.<\/p>\n<p>Suivez l\u2019actualit\u00e9 de Rouen sur notre <a href=\"https:\/\/www.whatsapp.com\/channel\/0029VaKfnf99hXF2ddApFB1D\" target=\"_blank\" rel=\"noopener\">cha\u00eene WhatsApp<\/a> et sur notre <a href=\"https:\/\/www.tiktok.com\/@76actu.fr?lang=fr\" target=\"_blank\" rel=\"noopener\">compte TikTok<\/a><\/p>\n<p class=\" wall-content\">Personnalisez votre actualit\u00e9 en ajoutant vos villes et m\u00e9dias en favori avec <a href=\"https:\/\/moncompte.actu.fr\" title=\"D\u00e9couvez Mon Actu\" rel=\"nofollow noopener\" data-trk=\"{&quot;cta&quot;:{&quot;action&quot;:&quot;https:\\\/\\\/moncompte.actu.fr&quot;,&quot;category&quot;:&quot;mon compte&quot;,&quot;from&quot;:&quot;article footer&quot;,&quot;name&quot;:&quot;Mon actu&quot;,&quot;type&quot;:&quot;cta&quot;}}\" target=\"_blank\">Mon Actu<\/a>.<\/p>\n<p>                    <script async src=\"\/\/www.tiktok.com\/embed.js\"><\/script><\/p>\n","protected":false},"excerpt":{"rendered":"Par Elo\u00efse Aub\u00e9 Publi\u00e9 le 27 ao\u00fbt 2025 \u00e0 9h21 Un peu avant 8h30 ce mercredi 27\u00a0ao\u00fbt 2025,&hellip;\n","protected":false},"author":2,"featured_media":151115,"comment_status":"","ping_status":"","sticky":false,"template":"","format":"standard","meta":{"footnotes":""},"categories":[9587],"tags":[1111,11,3542,1777,674,1011,27,12,5161,25,9590,2215,104],"class_list":{"0":"post-347070","1":"post","2":"type-post","3":"status-publish","4":"format-standard","5":"has-post-thumbnail","7":"category-rouen","8":"tag-actu","9":"tag-actualites","10":"tag-circulation","11":"tag-eu","12":"tag-europe","13":"tag-fr","14":"tag-france","15":"tag-news","16":"tag-normandie","17":"tag-republique-francaise","18":"tag-rouen","19":"tag-sncf","20":"tag-societe"},"share_on_mastodon":{"url":"","error":""},"_links":{"self":[{"href":"https:\/\/www.europesays.com\/fr\/wp-json\/wp\/v2\/posts\/347070","targetHints":{"allow":["GET"]}}],"collection":[{"href":"https:\/\/www.europesays.com\/fr\/wp-json\/wp\/v2\/posts"}],"about":[{"href":"https:\/\/www.europesays.com\/fr\/wp-json\/wp\/v2\/types\/post"}],"author":[{"embeddable":true,"href":"https:\/\/www.europesays.com\/fr\/wp-json\/wp\/v2\/users\/2"}],"replies":[{"embeddable":true,"href":"https:\/\/www.europesays.com\/fr\/wp-json\/wp\/v2\/comments?post=347070"}],"version-history":[{"count":0,"href":"https:\/\/www.europesays.com\/fr\/wp-json\/wp\/v2\/posts\/347070\/revisions"}],"wp:featuredmedia":[{"embeddable":true,"href":"https:\/\/www.europesays.com\/fr\/wp-json\/wp\/v2\/media\/151115"}],"wp:attachment":[{"href":"https:\/\/www.europesays.com\/fr\/wp-json\/wp\/v2\/media?parent=347070"}],"wp:term":[{"taxonomy":"category","embeddable":true,"href":"https:\/\/www.europesays.com\/fr\/wp-json\/wp\/v2\/categories?post=347070"},{"taxonomy":"post_tag","embeddable":true,"href":"https:\/\/www.europesays.com\/fr\/wp-json\/wp\/v2\/tags?post=347070"}],"curies":[{"name":"wp","href":"https:\/\/api.w.org\/{rel}","templated":true}]}}