{"id":347071,"date":"2025-08-27T07:41:11","date_gmt":"2025-08-27T07:41:11","guid":{"rendered":"https:\/\/www.europesays.com\/fr\/347071\/"},"modified":"2025-08-27T07:41:11","modified_gmt":"2025-08-27T07:41:11","slug":"plusieurs-fermetures-de-route-prevues-au-niveau-de-lechangeur-du-rondeau","status":"publish","type":"post","link":"https:\/\/www.europesays.com\/fr\/347071\/","title":{"rendered":"plusieurs fermetures de route pr\u00e9vues au niveau de l\u2019\u00e9changeur du Rondeau"},"content":{"rendered":"<p>\t\t\t\t\t\t\t\t\t\t\t<img loading=\"lazy\" decoding=\"async\" width=\"1110\" title=\"Pr\u00e8s de Grenoble : plusieurs fermetures de route pr\u00e9vues au niveau de l\u2019\u00e9changeur du Rondeau\" class=\"img-fluid  mb-3\" src=\"https:\/\/grandgrenoble.alpes1.com\/media\/news\/thumb\/1110x624_pres-de-grenoble-plusieurs-fermetures-de-route-prevues-au-niveau-de-l-echangeur-du-rondeau_68aeb1cc04425.webp\" alt=\"Pr\u00e8s de Grenoble : plusieurs fermetures de route pr\u00e9vues au niveau de l\u2019\u00e9changeur du Rondeau\" itemprop=\"image\" height=\"624\"\/>\t\t\t\t\t\t\t\t\t\t\t\t<\/p>\n<p>Pr\u00e8s de Grenoble : plusieurs fermetures de route pr\u00e9vues au niveau de l\u2019\u00e9changeur du Rondeau &#8211; DR<\/p>\n<p itemprop=\"description\"><strong>Dans la nuit du mercredi 27 au jeudi 28 ao\u00fbt, les automobilistes is\u00e9rois vont vivre un enfer au niveau de l\u2019\u00e9changeur du Rondeau.<\/strong><\/p>\n<p>Dans la soir\u00e9e de mercredi, jusque dans la nuit, plusieurs axes vont \u00eatre coup\u00e9s \u00e0 la circulation au niveau de l\u2019\u00e9changeur du Rondeau, situ\u00e9 sur l\u2019autoroute A480 dans l\u2019agglom\u00e9ration grenobloise.<\/p>\n<p>De 20h30 \u00e0 5h du matin, le sud de l\u2019A480, la route allant du diffuseur de Claix et celui de Pont-de-Claix, en direction de Lyon, seront inaccessibles. Au nord, il en sera de m\u00eame de l\u2019\u00e9changeur du Rondeau au diffuseur de Catane, ainsi que pour la bretelle d\u2019entr\u00e9e. La N87 entre Lib\u00e9ration et le Rondeau sera coup\u00e9e \u00e0 la circulation.<\/p>\n<p>En direction de Sisteron, la bretelle d\u2019entr\u00e9e vers l\u2019A480 sud, depuis la nationale 87, sera ferm\u00e9e. Tout comme celle en direction de Sisteron. La bretelle de sortie vers Chamb\u00e9ry, situ\u00e9e au nord de l\u2019autoroute, sera aussi inaccessible.<\/p>\n","protected":false},"excerpt":{"rendered":"Pr\u00e8s de Grenoble : plusieurs fermetures de route pr\u00e9vues au niveau de l\u2019\u00e9changeur du Rondeau &#8211; DR Dans&hellip;\n","protected":false},"author":2,"featured_media":347072,"comment_status":"","ping_status":"","sticky":false,"template":"","format":"standard","meta":{"footnotes":""},"categories":[9566],"tags":[1111,11,7733,8279,2430,7736,650,7734,2889,2263,1777,674,1011,27,2731,8280,6417,1114,108,4662,12,3725,1825,25,7737],"class_list":{"0":"post-347071","1":"post","2":"type-post","3":"status-publish","4":"format-standard","5":"has-post-thumbnail","7":"category-grenoble","8":"tag-actu","9":"tag-actualites","10":"tag-alpes","11":"tag-alpes1","12":"tag-auvergne-rhone-alpes","13":"tag-cds","14":"tag-cinema","15":"tag-ecoute","16":"tag-emission","17":"tag-equipe","18":"tag-eu","19":"tag-europe","20":"tag-fr","21":"tag-france","22":"tag-grenoble","23":"tag-haute","24":"tag-information","25":"tag-infos","26":"tag-isere","27":"tag-journal","28":"tag-news","29":"tag-podcast","30":"tag-radio","31":"tag-republique-francaise","32":"tag-winamp"},"share_on_mastodon":{"url":"https:\/\/pubeurope.com\/@fr\/115099604369228495","error":""},"_links":{"self":[{"href":"https:\/\/www.europesays.com\/fr\/wp-json\/wp\/v2\/posts\/347071","targetHints":{"allow":["GET"]}}],"collection":[{"href":"https:\/\/www.europesays.com\/fr\/wp-json\/wp\/v2\/posts"}],"about":[{"href":"https:\/\/www.europesays.com\/fr\/wp-json\/wp\/v2\/types\/post"}],"author":[{"embeddable":true,"href":"https:\/\/www.europesays.com\/fr\/wp-json\/wp\/v2\/users\/2"}],"replies":[{"embeddable":true,"href":"https:\/\/www.europesays.com\/fr\/wp-json\/wp\/v2\/comments?post=347071"}],"version-history":[{"count":0,"href":"https:\/\/www.europesays.com\/fr\/wp-json\/wp\/v2\/posts\/347071\/revisions"}],"wp:featuredmedia":[{"embeddable":true,"href":"https:\/\/www.europesays.com\/fr\/wp-json\/wp\/v2\/media\/347072"}],"wp:attachment":[{"href":"https:\/\/www.europesays.com\/fr\/wp-json\/wp\/v2\/media?parent=347071"}],"wp:term":[{"taxonomy":"category","embeddable":true,"href":"https:\/\/www.europesays.com\/fr\/wp-json\/wp\/v2\/categories?post=347071"},{"taxonomy":"post_tag","embeddable":true,"href":"https:\/\/www.europesays.com\/fr\/wp-json\/wp\/v2\/tags?post=347071"}],"curies":[{"name":"wp","href":"https:\/\/api.w.org\/{rel}","templated":true}]}}