{"id":347073,"date":"2025-08-27T07:42:11","date_gmt":"2025-08-27T07:42:11","guid":{"rendered":"https:\/\/www.europesays.com\/fr\/347073\/"},"modified":"2025-08-27T07:42:11","modified_gmt":"2025-08-27T07:42:11","slug":"grenoble-sharelock-assureur-officiel-des-12-500-velos-mvelo","status":"publish","type":"post","link":"https:\/\/www.europesays.com\/fr\/347073\/","title":{"rendered":"GRENOBLE : Sharelock, assureur officiel des 12 500 v\u00e9los Mv\u00e9lo+"},"content":{"rendered":"<p><b>Une avanc\u00e9e majeure pour la mobilit\u00e9 douce\u200c.<\/b><\/p>\n<p><strong>Mv\u00e9lo+, le deuxi\u00e8me plus grand r\u00e9seau public de v\u00e9los en France<\/strong>, a choisi Sharelock pour\u00a0<strong>assurer ses 12 500 v\u00e9los<\/strong>\u00a0en location longue dur\u00e9e \u00e0 Grenoble.<\/p>\n<p>Une avanc\u00e9e majeure pour la mobilit\u00e9 douce : gr\u00e2ce \u00e0 une\u00a0<strong>int\u00e9gration directe dans le parcours de souscription<\/strong>, les cyclistes b\u00e9n\u00e9ficient d\u2019une protection contre le vol, la casse et le vandalisme simple et au meilleur prix, tandis que l\u2019op\u00e9rateur Cykleo optimise la\u00a0<strong>gestion de sa flotte<\/strong> avec une solution innovante et unique sur le march\u00e9.<\/p>\n","protected":false},"excerpt":{"rendered":"Une avanc\u00e9e majeure pour la mobilit\u00e9 douce\u200c. Mv\u00e9lo+, le deuxi\u00e8me plus grand r\u00e9seau public de v\u00e9los en France,&hellip;\n","protected":false},"author":2,"featured_media":347074,"comment_status":"","ping_status":"","sticky":false,"template":"","format":"standard","meta":{"footnotes":""},"categories":[9566],"tags":[1111,11,2430,1777,674,1011,27,2731,12,25],"class_list":{"0":"post-347073","1":"post","2":"type-post","3":"status-publish","4":"format-standard","5":"has-post-thumbnail","7":"category-grenoble","8":"tag-actu","9":"tag-actualites","10":"tag-auvergne-rhone-alpes","11":"tag-eu","12":"tag-europe","13":"tag-fr","14":"tag-france","15":"tag-grenoble","16":"tag-news","17":"tag-republique-francaise"},"share_on_mastodon":{"url":"https:\/\/pubeurope.com\/@fr\/115099608302872325","error":""},"_links":{"self":[{"href":"https:\/\/www.europesays.com\/fr\/wp-json\/wp\/v2\/posts\/347073","targetHints":{"allow":["GET"]}}],"collection":[{"href":"https:\/\/www.europesays.com\/fr\/wp-json\/wp\/v2\/posts"}],"about":[{"href":"https:\/\/www.europesays.com\/fr\/wp-json\/wp\/v2\/types\/post"}],"author":[{"embeddable":true,"href":"https:\/\/www.europesays.com\/fr\/wp-json\/wp\/v2\/users\/2"}],"replies":[{"embeddable":true,"href":"https:\/\/www.europesays.com\/fr\/wp-json\/wp\/v2\/comments?post=347073"}],"version-history":[{"count":0,"href":"https:\/\/www.europesays.com\/fr\/wp-json\/wp\/v2\/posts\/347073\/revisions"}],"wp:featuredmedia":[{"embeddable":true,"href":"https:\/\/www.europesays.com\/fr\/wp-json\/wp\/v2\/media\/347074"}],"wp:attachment":[{"href":"https:\/\/www.europesays.com\/fr\/wp-json\/wp\/v2\/media?parent=347073"}],"wp:term":[{"taxonomy":"category","embeddable":true,"href":"https:\/\/www.europesays.com\/fr\/wp-json\/wp\/v2\/categories?post=347073"},{"taxonomy":"post_tag","embeddable":true,"href":"https:\/\/www.europesays.com\/fr\/wp-json\/wp\/v2\/tags?post=347073"}],"curies":[{"name":"wp","href":"https:\/\/api.w.org\/{rel}","templated":true}]}}