{"id":347075,"date":"2025-08-27T07:43:38","date_gmt":"2025-08-27T07:43:38","guid":{"rendered":"https:\/\/www.europesays.com\/fr\/347075\/"},"modified":"2025-08-27T07:43:38","modified_gmt":"2025-08-27T07:43:38","slug":"pace-la-gendarmerie-a-un-nouveau-capitaine-frederic-cornec","status":"publish","type":"post","link":"https:\/\/www.europesays.com\/fr\/347075\/","title":{"rendered":"Pac\u00e9. La gendarmerie a un nouveau capitaine, Fr\u00e9d\u00e9ric Cornec"},"content":{"rendered":"<p>Fr\u00e9d\u00e9ric Cornec vient juste d\u2019arriver et est en train de s\u2019habituer \u00e0 son \u00e9quipe et aux Pac\u00e9ens.<\/p>\n<p>Il a commenc\u00e9, en 2002, \u00e0 Landerneau, puis \u00e0 la brigade de Conlie (Sarthe), o\u00f9 il est rest\u00e9 neuf\u00a0ans. En 2010, il obtient son dipl\u00f4me d\u2019officier de police judiciaire et l\u2019ann\u00e9e suivante, il devient mar\u00e9chal des logis-chef.\u00a0En 2015, il revient en Bretagne et s\u2019installe \u00e0 Plouigneau (Finist\u00e8re). En 2021, il devient\u00a0un commandant de brigade de\u00a0gendarmerie de l\u2019armement de Bruz. Apr\u00e8s tous ces voyages et tout ce qu\u2019il a appris, il s\u2019est arr\u00eat\u00e9 \u00e0 Pac\u00e9 pour quelques ann\u00e9es.<\/p>\n<p>Ce capitaine\u00a0a d\u00e9couvert ses trente coll\u00e8gues, ils en attendent encore deux de plus. \u00ab <strong>On s\u2019occupe de six\u00a0communes et une maison d\u2019arr\u00eat. On a trois groupes\u00a0: un pour la prison et\u00a0deux qui\u00a0interviennent pour les contr\u00f4les, les plaintes, les enqu\u00eates, les \u201csoit-transmis\u201d <\/strong>(des documents du domaine juridique, N.D.L.R.), pr\u00e9cise-t-il. <strong>L\u2019important\u00a0est le contact. Les \u00e9lus, les commer\u00e7ants, les habitants, tous ceux qui ont besoin de nous, on doit les conna\u00eetre.\u00a0Nous sommes une \u00e9quipe, on a besoin de parler, de discuter de ce qu\u2019on fait pour travailler au mieux.\u00a0\u00bb<\/strong><\/p>\n<p>\u00a0<\/p>\n","protected":false},"excerpt":{"rendered":"Fr\u00e9d\u00e9ric Cornec vient juste d\u2019arriver et est en train de s\u2019habituer \u00e0 son \u00e9quipe et aux Pac\u00e9ens. Il&hellip;\n","protected":false},"author":2,"featured_media":347076,"comment_status":"","ping_status":"","sticky":false,"template":"","format":"standard","meta":{"footnotes":""},"categories":[2821],"tags":[1111,11,829,3398,48315,1777,674,1011,27,14143,3381,12,4565,9569,584,25],"class_list":{"0":"post-347075","1":"post","2":"type-post","3":"status-publish","4":"format-standard","5":"has-post-thumbnail","7":"category-rennes","8":"tag-actu","9":"tag-actualites","10":"tag-bretagne","11":"tag-capitaine","12":"tag-cornec","13":"tag-eu","14":"tag-europe","15":"tag-fr","16":"tag-france","17":"tag-frederic","18":"tag-gendarmerie","19":"tag-news","20":"tag-nouveau","21":"tag-pace","22":"tag-rennes","23":"tag-republique-francaise"},"share_on_mastodon":{"url":"https:\/\/pubeurope.com\/@fr\/115099612523755661","error":""},"_links":{"self":[{"href":"https:\/\/www.europesays.com\/fr\/wp-json\/wp\/v2\/posts\/347075","targetHints":{"allow":["GET"]}}],"collection":[{"href":"https:\/\/www.europesays.com\/fr\/wp-json\/wp\/v2\/posts"}],"about":[{"href":"https:\/\/www.europesays.com\/fr\/wp-json\/wp\/v2\/types\/post"}],"author":[{"embeddable":true,"href":"https:\/\/www.europesays.com\/fr\/wp-json\/wp\/v2\/users\/2"}],"replies":[{"embeddable":true,"href":"https:\/\/www.europesays.com\/fr\/wp-json\/wp\/v2\/comments?post=347075"}],"version-history":[{"count":0,"href":"https:\/\/www.europesays.com\/fr\/wp-json\/wp\/v2\/posts\/347075\/revisions"}],"wp:featuredmedia":[{"embeddable":true,"href":"https:\/\/www.europesays.com\/fr\/wp-json\/wp\/v2\/media\/347076"}],"wp:attachment":[{"href":"https:\/\/www.europesays.com\/fr\/wp-json\/wp\/v2\/media?parent=347075"}],"wp:term":[{"taxonomy":"category","embeddable":true,"href":"https:\/\/www.europesays.com\/fr\/wp-json\/wp\/v2\/categories?post=347075"},{"taxonomy":"post_tag","embeddable":true,"href":"https:\/\/www.europesays.com\/fr\/wp-json\/wp\/v2\/tags?post=347075"}],"curies":[{"name":"wp","href":"https:\/\/api.w.org\/{rel}","templated":true}]}}