{"id":347077,"date":"2025-08-27T07:44:15","date_gmt":"2025-08-27T07:44:15","guid":{"rendered":"https:\/\/www.europesays.com\/fr\/347077\/"},"modified":"2025-08-27T07:44:15","modified_gmt":"2025-08-27T07:44:15","slug":"quand-on-travaille-au-champ-on-est-ensemble-dans-la-joie-le-quotidien-des-agriculteurs-migrants-de-rennes","status":"publish","type":"post","link":"https:\/\/www.europesays.com\/fr\/347077\/","title":{"rendered":"\u00ab\u00a0Quand on travaille au champ, on est ensemble dans la joie\u00a0\u00bb : le quotidien des agriculteurs migrants de Rennes"},"content":{"rendered":"<p>Depuis f\u00e9vrier 2025, une quinzaine de migrants cultivent des l\u00e9gumes pour le Secours Populaire et les Restos du C\u0153ur \u00e0 Melesse, au nord de Rennes. C&rsquo;est une activit\u00e9 qu&rsquo;ils r\u00e9alisent b\u00e9n\u00e9volement pour tenter d&rsquo;\u00e9chapper au stress de leur quotidien d&rsquo;exil\u00e9s ou de sans-papiers. <\/p>\n<p>Marie, Justine et Gbeuli arrosent les plans de tomates, de potirons et de choux.\u00a0<strong>Ils font partie du collectif Agriculteurs Migrants de Rennes, cr\u00e9\u00e9 en f\u00e9vrier 2025 par Eddy Val\u00e8re, un Camerounais de 41 ans.<\/strong>\u00a0\u201cQuand on est sans-papiers, on est tr\u00e8s stress\u00e9. Alors, j\u2019ai lanc\u00e9 ce projet pour m\u2019occuper et pour penser \u00e0 autre chose. Celui qui ne travaille pas n\u2019a pas d\u2019avenir, comme on dit\u201d, ironise-t-il.<\/p>\n<p>\u201cIci, je me change les id\u00e9es\u201d<\/p>\n<p>En six mois, une quinzaine de migrants ont rejoint son collectif.\u00a0<a class=\"IciLink ici-link IciArticleLink g-ici-body-regular-1 underline brand svelte-lu7k6w\" href=\"https:\/\/www.francebleu.fr\/emissions\/l-info-d-ici-ici-armorique\/a-rennes-des-jeunes-mineurs-isoles-attendent-l-ouverture-de-leurs-droits-pour-sortir-d-un-campement-indigne-4919444\" rel=\"nofollow noopener\" target=\"_blank\">La plupart vivent dans les campements de Br\u00e9quigny ou de Maurepas, \u00e0 Rennes.<\/a>\u00a0Ils viennent cultiver et r\u00e9colter les l\u00e9gumes b\u00e9n\u00e9volement pour \u00e9chapper \u00e0 leur quotidien\u00a0: \u201cl\u00e0-bas, c\u2019est tr\u00e8s stressant alors qu\u2019ici, je me change les id\u00e9es, je bouge\u201d, raconte Marie, arriv\u00e9e de R\u00e9publique D\u00e9mocratique du Congo il y a un an. \u201cDans le champ, on est ensemble dans la joie, on rigole et \u00e7a me fait du bien\u00a0!\u201d raconte Justine, une Ivoirienne de 43 ans.<\/p>\n<p>Les r\u00e9coltes sont distribu\u00e9es \u00e0 des associations<\/p>\n<p><strong>Une fois r\u00e9colt\u00e9s, les l\u00e9gumes sont r\u00e9cup\u00e9r\u00e9s par des b\u00e9n\u00e9voles d\u2019autres associations, comme Patrick Pierre, volontaire au Secours Populaire \u00e0 Rennes.<\/strong>\u00a0Ce matin, il r\u00e9cup\u00e8re sept cagettes de poireaux, d\u2019aubergines et de poivrons. \u201cD\u2019habitude, nous avons du mal \u00e0 nous procurer des l\u00e9gumes frais\u201d explique le b\u00e9n\u00e9vole. \u201cLes grands magasins nous en fournissent parfois en petite quantit\u00e9. L\u00e0, on r\u00e9cup\u00e8re toutes les semaines de bons produits gratuitement.\u201d\u00a0<strong>Les Restos du Coeur b\u00e9n\u00e9ficient aussi des r\u00e9coltes des Agriculteurs Migrants de Rennes.<\/strong><\/p>\n","protected":false},"excerpt":{"rendered":"Depuis f\u00e9vrier 2025, une quinzaine de migrants cultivent des l\u00e9gumes pour le Secours Populaire et les Restos du&hellip;\n","protected":false},"author":2,"featured_media":347078,"comment_status":"","ping_status":"","sticky":false,"template":"","format":"standard","meta":{"footnotes":""},"categories":[2821],"tags":[1111,11,829,1777,674,1011,27,12,584,25],"class_list":{"0":"post-347077","1":"post","2":"type-post","3":"status-publish","4":"format-standard","5":"has-post-thumbnail","7":"category-rennes","8":"tag-actu","9":"tag-actualites","10":"tag-bretagne","11":"tag-eu","12":"tag-europe","13":"tag-fr","14":"tag-france","15":"tag-news","16":"tag-rennes","17":"tag-republique-francaise"},"share_on_mastodon":{"url":"https:\/\/pubeurope.com\/@fr\/115099616170786583","error":""},"_links":{"self":[{"href":"https:\/\/www.europesays.com\/fr\/wp-json\/wp\/v2\/posts\/347077","targetHints":{"allow":["GET"]}}],"collection":[{"href":"https:\/\/www.europesays.com\/fr\/wp-json\/wp\/v2\/posts"}],"about":[{"href":"https:\/\/www.europesays.com\/fr\/wp-json\/wp\/v2\/types\/post"}],"author":[{"embeddable":true,"href":"https:\/\/www.europesays.com\/fr\/wp-json\/wp\/v2\/users\/2"}],"replies":[{"embeddable":true,"href":"https:\/\/www.europesays.com\/fr\/wp-json\/wp\/v2\/comments?post=347077"}],"version-history":[{"count":0,"href":"https:\/\/www.europesays.com\/fr\/wp-json\/wp\/v2\/posts\/347077\/revisions"}],"wp:featuredmedia":[{"embeddable":true,"href":"https:\/\/www.europesays.com\/fr\/wp-json\/wp\/v2\/media\/347078"}],"wp:attachment":[{"href":"https:\/\/www.europesays.com\/fr\/wp-json\/wp\/v2\/media?parent=347077"}],"wp:term":[{"taxonomy":"category","embeddable":true,"href":"https:\/\/www.europesays.com\/fr\/wp-json\/wp\/v2\/categories?post=347077"},{"taxonomy":"post_tag","embeddable":true,"href":"https:\/\/www.europesays.com\/fr\/wp-json\/wp\/v2\/tags?post=347077"}],"curies":[{"name":"wp","href":"https:\/\/api.w.org\/{rel}","templated":true}]}}