{"id":347079,"date":"2025-08-27T07:45:11","date_gmt":"2025-08-27T07:45:11","guid":{"rendered":"https:\/\/www.europesays.com\/fr\/347079\/"},"modified":"2025-08-27T07:45:11","modified_gmt":"2025-08-27T07:45:11","slug":"bas-rhin-un-camion-poubelle-heurte-un-pont-rail-a-strasbourg-la-circulation-des-trains-fortement-perturbee","status":"publish","type":"post","link":"https:\/\/www.europesays.com\/fr\/347079\/","title":{"rendered":"Bas-Rhin. Un camion-poubelle heurte un pont-rail \u00e0 Strasbourg, la circulation des trains fortement perturb\u00e9e"},"content":{"rendered":"<p>Un camion-poubelle\u00a0a heurt\u00e9 un pont-rail ce mercredi matin, chemin du Grossroethig dans le quartier de la Montagne-Verte \u00e0 Strasbourg. Appel\u00e9s \u00e0 6h40, les sapeurs-pompiers ont pris en charge trois personnes en urgence relative, \u00e9vacu\u00e9es\u00a0vers le CHU de Hautepierre.<\/p>\n<p>Cet accident a un impact direct sur la circulation des trains Par mesure de s\u00e9curit\u00e9, ces derniers\u00a0doivent circuler en \u00ab\u00a0marche prudente \u00bb. C\u2019est-\u00e0-dire \u00e0 vitesse r\u00e9duite, ce qui provoque des bouchons, nous indique la SNCF. Un train pour B\u00e2le a \u00e9t\u00e9 supprim\u00e9, et la circulation est fortement\u00a0perturb\u00e9e entre Strasbourg et Molsheim, <a href=\"https:\/\/www.ter.sncf.com\/grand-est\" target=\"_blank\" rel=\"noopener\">indique la SNCF<\/a>\u00a0sur son site.\u00a0Des retards de 20 \u00e0 40\u00a0minutes sont \u00e0 pr\u00e9voir. La fin des perturbations est pr\u00e9vue \u00e0\u00a009h00.<\/p>\n<p>Les sapeurs-pompiers et le personnel de la SNCF ont effectu\u00e9 une reconnaissance sur les lieux de l&rsquo;incident. Aucun d\u00e9g\u00e2t majeur sur la structure du pont n&rsquo;a \u00e9t\u00e9 remarqu\u00e9.<\/p>\n","protected":false},"excerpt":{"rendered":"Un camion-poubelle\u00a0a heurt\u00e9 un pont-rail ce mercredi matin, chemin du Grossroethig dans le quartier de la Montagne-Verte \u00e0&hellip;\n","protected":false},"author":2,"featured_media":347080,"comment_status":"","ping_status":"","sticky":false,"template":"","format":"standard","meta":{"footnotes":""},"categories":[2820],"tags":[1111,11,2649,24625,1777,674,274,107,1011,27,775,12,25,640,2803],"class_list":{"0":"post-347079","1":"post","2":"type-post","3":"status-publish","4":"format-standard","5":"has-post-thumbnail","7":"category-strasbourg","8":"tag-actu","9":"tag-actualites","10":"tag-bas-rhin","11":"tag-edition-molsheim-obernai","12":"tag-eu","13":"tag-europe","14":"tag-faits-divers-justice","15":"tag-fil-info","16":"tag-fr","17":"tag-france","18":"tag-grand-est","19":"tag-news","20":"tag-republique-francaise","21":"tag-strasbourg","22":"tag-transport"},"share_on_mastodon":{"url":"https:\/\/pubeurope.com\/@fr\/115099620117325550","error":""},"_links":{"self":[{"href":"https:\/\/www.europesays.com\/fr\/wp-json\/wp\/v2\/posts\/347079","targetHints":{"allow":["GET"]}}],"collection":[{"href":"https:\/\/www.europesays.com\/fr\/wp-json\/wp\/v2\/posts"}],"about":[{"href":"https:\/\/www.europesays.com\/fr\/wp-json\/wp\/v2\/types\/post"}],"author":[{"embeddable":true,"href":"https:\/\/www.europesays.com\/fr\/wp-json\/wp\/v2\/users\/2"}],"replies":[{"embeddable":true,"href":"https:\/\/www.europesays.com\/fr\/wp-json\/wp\/v2\/comments?post=347079"}],"version-history":[{"count":0,"href":"https:\/\/www.europesays.com\/fr\/wp-json\/wp\/v2\/posts\/347079\/revisions"}],"wp:featuredmedia":[{"embeddable":true,"href":"https:\/\/www.europesays.com\/fr\/wp-json\/wp\/v2\/media\/347080"}],"wp:attachment":[{"href":"https:\/\/www.europesays.com\/fr\/wp-json\/wp\/v2\/media?parent=347079"}],"wp:term":[{"taxonomy":"category","embeddable":true,"href":"https:\/\/www.europesays.com\/fr\/wp-json\/wp\/v2\/categories?post=347079"},{"taxonomy":"post_tag","embeddable":true,"href":"https:\/\/www.europesays.com\/fr\/wp-json\/wp\/v2\/tags?post=347079"}],"curies":[{"name":"wp","href":"https:\/\/api.w.org\/{rel}","templated":true}]}}