{"id":347083,"date":"2025-08-27T07:47:11","date_gmt":"2025-08-27T07:47:11","guid":{"rendered":"https:\/\/www.europesays.com\/fr\/347083\/"},"modified":"2025-08-27T07:47:11","modified_gmt":"2025-08-27T07:47:11","slug":"nice-coeur-notre-dame-une-actrice-et-deux-jeunes-artistes-pour-porter-les","status":"publish","type":"post","link":"https:\/\/www.europesays.com\/fr\/347083\/","title":{"rendered":"Nice C\u0153ur Notre-Dame : une actrice et deux jeunes artistes pour porter les (\u2026)"},"content":{"rendered":"<p>                    <img loading=\"lazy\" decoding=\"async\" src=\"https:\/\/www.europesays.com\/fr\/wp-content\/uploads\/2025\/08\/5353100caa536008ca6b6fcd2dccf6.png\" class=\"img-responsive post-image\" width=\"680\" height=\"510\" alt=\"Nice C\u0153ur Notre-Dame (\u2026)\" title=\"Nice C\u0153ur Notre-Dame : une actrice et deux jeunes artistes pour porter les valeurs du quartier\"\/><\/p>\n<p class=\"chapo\">L\u2019association Nice C\u0153ur Notre-Dame a annonc\u00e9 le parrainage de son aventure culturelle et solidaire par St\u00e9phanie Par\u00e9ja, com\u00e9dienne connue notamment pour son r\u00f4le dans la s\u00e9rie Plus Belle la Vie. \u00c0 ses c\u00f4t\u00e9s, deux jeunes artistes ni\u00e7oises, Naa\u00efs et Zonco.ra, deviennent ses \u00ab\u00a0filleules\u00a0\u00bb artistiques, incarnant la rel\u00e8ve locale.<\/p>\n<p>Actrice engag\u00e9e, <strong>St\u00e9phanie Par\u00e9ja <\/strong> a souhait\u00e9 s\u2019investir dans ce projet de quartier qui m\u00eale culture et solidarit\u00e9. En acceptant d\u2019en devenir marraine, elle entend soutenir les initiatives de l\u2019association, aller \u00e0 la rencontre des habitants et valoriser les actions collectives.<br class=\"texte\"\/><br \/>\nLes deux artistes locales, choisies comme \u00ab\u00a0filleules\u00a0\u00bb, refl\u00e8tent la diversit\u00e9 de la sc\u00e8ne \u00e9mergente ni\u00e7oise. <strong>Naa\u00efs, <\/strong> chanteuse \u00e0 l\u2019univers pop et soul, s\u00e9duit par sa voix claire et ses textes empreints de po\u00e9sie. <strong>Zonco.ra,<\/strong> performeuse et militante culturelle, revendique une \u00e9nergie cr\u00e9ative tourn\u00e9e vers l\u2019expression citoyenne et l\u2019engagement.<\/p>\n<p>Renforcer le lien social et promouvoir la vie culturelle<\/p>\n<p>Depuis plusieurs ann\u00e9es, l\u2019<a href=\"https:\/\/www.facebook.com\/p\/Association-Nice-Coeur-Notre-Dame-61574072979559\/\" class=\"spip_out\" rel=\"external nofollow noopener\" target=\"_blank\">association Nice C\u0153ur Notre-Dame<\/a> agit dans le quartier \u00e9ponyme pour renforcer le lien social et promouvoir la vie culturelle. Ses initiatives vont des sc\u00e8nes musicales et projections en plein air \u00e0 l\u2019organisation d\u2019\u00e9v\u00e9nements festifs et d\u2019actions citoyennes. Fond\u00e9e sur les valeurs de solidarit\u00e9 et de convivialit\u00e9, elle rassemble habitants, commer\u00e7ants, b\u00e9n\u00e9voles et artistes autour de projets communs.<\/p>\n<p>Avec ce parrainage, l\u2019association souhaite poursuivre son d\u00e9veloppement et donner une nouvelle visibilit\u00e9 aux talents locaux tout en affirmant son r\u00f4le de moteur culturel au c\u0153ur de Nice.<\/p>\n<p>Photos de Une\u00a0: St\u00e9phanie Par\u00e9ja- Naa\u00efs -Zonco.ra  \u00a9DR courtesy Association-Nice-Coeur-Notre-Dame<\/p>\n","protected":false},"excerpt":{"rendered":"L\u2019association Nice C\u0153ur Notre-Dame a annonc\u00e9 le parrainage de son aventure culturelle et solidaire par St\u00e9phanie Par\u00e9ja, com\u00e9dienne&hellip;\n","protected":false},"author":2,"featured_media":347084,"comment_status":"","ping_status":"","sticky":false,"template":"","format":"standard","meta":{"footnotes":""},"categories":[2819],"tags":[1111,11,2408,1777,674,1011,27,12,2401,882,25],"class_list":{"0":"post-347083","1":"post","2":"type-post","3":"status-publish","4":"format-standard","5":"has-post-thumbnail","7":"category-nice","8":"tag-actu","9":"tag-actualites","10":"tag-appels-d","11":"tag-eu","12":"tag-europe","13":"tag-fr","14":"tag-france","15":"tag-news","16":"tag-nice","17":"tag-provence-alpes-cote-dazur","18":"tag-republique-francaise"},"share_on_mastodon":{"url":"https:\/\/pubeurope.com\/@fr\/115099628074829905","error":""},"_links":{"self":[{"href":"https:\/\/www.europesays.com\/fr\/wp-json\/wp\/v2\/posts\/347083","targetHints":{"allow":["GET"]}}],"collection":[{"href":"https:\/\/www.europesays.com\/fr\/wp-json\/wp\/v2\/posts"}],"about":[{"href":"https:\/\/www.europesays.com\/fr\/wp-json\/wp\/v2\/types\/post"}],"author":[{"embeddable":true,"href":"https:\/\/www.europesays.com\/fr\/wp-json\/wp\/v2\/users\/2"}],"replies":[{"embeddable":true,"href":"https:\/\/www.europesays.com\/fr\/wp-json\/wp\/v2\/comments?post=347083"}],"version-history":[{"count":0,"href":"https:\/\/www.europesays.com\/fr\/wp-json\/wp\/v2\/posts\/347083\/revisions"}],"wp:featuredmedia":[{"embeddable":true,"href":"https:\/\/www.europesays.com\/fr\/wp-json\/wp\/v2\/media\/347084"}],"wp:attachment":[{"href":"https:\/\/www.europesays.com\/fr\/wp-json\/wp\/v2\/media?parent=347083"}],"wp:term":[{"taxonomy":"category","embeddable":true,"href":"https:\/\/www.europesays.com\/fr\/wp-json\/wp\/v2\/categories?post=347083"},{"taxonomy":"post_tag","embeddable":true,"href":"https:\/\/www.europesays.com\/fr\/wp-json\/wp\/v2\/tags?post=347083"}],"curies":[{"name":"wp","href":"https:\/\/api.w.org\/{rel}","templated":true}]}}