{"id":347085,"date":"2025-08-27T07:48:11","date_gmt":"2025-08-27T07:48:11","guid":{"rendered":"https:\/\/www.europesays.com\/fr\/347085\/"},"modified":"2025-08-27T07:48:11","modified_gmt":"2025-08-27T07:48:11","slug":"mort-du-streamer-jean-pormanove-pres-de-nice-la-plateforme-kick-sengage-a-cooperer-avec-la-france","status":"publish","type":"post","link":"https:\/\/www.europesays.com\/fr\/347085\/","title":{"rendered":"Mort du streamer Jean Pormanove pr\u00e8s de Nice: la plateforme Kick s&rsquo;engage \u00e0 coop\u00e9rer avec la France"},"content":{"rendered":"<p>\u00ab\u00a0Nous nous engageons pleinement \u00e0 coop\u00e9rer avec les autorit\u00e9s comp\u00e9tentes <a href=\"https:\/\/www.nicematin.com\/faits-de-societe\/mort-en-direct-du-streamer-jean-pormanove-pres-de-nice-le-parquet-de-paris-ouvre-une-enquete-distincte-sur-la-plateforme-kick-999374\" rel=\"nofollow noopener\" target=\"_blank\">dans le cadre de toute enqu\u00eate en cours<\/a>\u00ab\u00a0, a assur\u00e9 Kick dans un communiqu\u00e9 \u00e0 l&rsquo;AFP. <a href=\"https:\/\/www.nicematin.com\/faits-divers\/jean-pormanove-specialiste-du-streaming-sur-internet-retrouve-mort-ce-lundi-a-contes-998477\" rel=\"nofollow noopener\" target=\"_blank\">Le streamer \u00e9tait mort lors d&rsquo;un direct de douze jours diffus\u00e9 par la plateforme.<\/a><\/p>\n<p>\u00ab\u00a0Nous examinons actuellement cette affaire, notamment en partenariat avec nos conseillers juridiques\u00a0\u00bb, pr\u00e9cise le communiqu\u00e9.<\/p>\n<p>Un\u00a0\u00ab\u00a0manquement\u00a0\u00bb<\/p>\n<p>Rapha\u00ebl Graven, 46 ans, connu sous le pseudo Jean Pormanove, est d\u00e9c\u00e9d\u00e9 pr\u00e8s de Nice (sud-est) lors d&rsquo;une diffusion en direct le 18 ao\u00fbt apr\u00e8s plus de 12 jours de direct o\u00f9 il \u00e9tait, ainsi qu&rsquo;un autre homme, violent\u00e9 et humili\u00e9 par deux personnes.<\/p>\n<p>Mardi, <a href=\"https:\/\/www.nicematin.com\/faits-de-societe\/mort-en-direct-du-streamer-jean-pormanove-pres-de-nice-le-gouvernement-veut-mettre-fin-au-ce-far-west-numerique-et-etudie-des-mesures-fortes-999363\" rel=\"nofollow noopener\" target=\"_blank\">la ministre fran\u00e7aise d\u00e9l\u00e9gu\u00e9e au Num\u00e9rique Clara Chappaz avait annonc\u00e9 son intention d&rsquo;attaquer en justice la plateforme Kick pour \u00ab\u00a0manquement\u00a0\u00bb.<\/a><\/p>\n<p>Les procureurs fran\u00e7ais veulent notamment d\u00e9terminer si Kick a diffus\u00e9 \u00ab\u00a0en connaissance de cause\u00a0\u00bb des \u00ab\u00a0vid\u00e9os d&rsquo;atteintes volontaires \u00e0 l&rsquo;int\u00e9grit\u00e9 de la personne\u00a0\u00bb.<\/p>\n","protected":false},"excerpt":{"rendered":"\u00ab\u00a0Nous nous engageons pleinement \u00e0 coop\u00e9rer avec les autorit\u00e9s comp\u00e9tentes dans le cadre de toute enqu\u00eate en cours\u00ab\u00a0,&hellip;\n","protected":false},"author":2,"featured_media":347086,"comment_status":"","ping_status":"","sticky":false,"template":"","format":"standard","meta":{"footnotes":""},"categories":[2819],"tags":[1111,11,1777,674,1011,27,303,12,2401,882,25],"class_list":{"0":"post-347085","1":"post","2":"type-post","3":"status-publish","4":"format-standard","5":"has-post-thumbnail","7":"category-nice","8":"tag-actu","9":"tag-actualites","10":"tag-eu","11":"tag-europe","12":"tag-fr","13":"tag-france","14":"tag-justice","15":"tag-news","16":"tag-nice","17":"tag-provence-alpes-cote-dazur","18":"tag-republique-francaise"},"share_on_mastodon":{"url":"https:\/\/pubeurope.com\/@fr\/115099631811865164","error":""},"_links":{"self":[{"href":"https:\/\/www.europesays.com\/fr\/wp-json\/wp\/v2\/posts\/347085","targetHints":{"allow":["GET"]}}],"collection":[{"href":"https:\/\/www.europesays.com\/fr\/wp-json\/wp\/v2\/posts"}],"about":[{"href":"https:\/\/www.europesays.com\/fr\/wp-json\/wp\/v2\/types\/post"}],"author":[{"embeddable":true,"href":"https:\/\/www.europesays.com\/fr\/wp-json\/wp\/v2\/users\/2"}],"replies":[{"embeddable":true,"href":"https:\/\/www.europesays.com\/fr\/wp-json\/wp\/v2\/comments?post=347085"}],"version-history":[{"count":0,"href":"https:\/\/www.europesays.com\/fr\/wp-json\/wp\/v2\/posts\/347085\/revisions"}],"wp:featuredmedia":[{"embeddable":true,"href":"https:\/\/www.europesays.com\/fr\/wp-json\/wp\/v2\/media\/347086"}],"wp:attachment":[{"href":"https:\/\/www.europesays.com\/fr\/wp-json\/wp\/v2\/media?parent=347085"}],"wp:term":[{"taxonomy":"category","embeddable":true,"href":"https:\/\/www.europesays.com\/fr\/wp-json\/wp\/v2\/categories?post=347085"},{"taxonomy":"post_tag","embeddable":true,"href":"https:\/\/www.europesays.com\/fr\/wp-json\/wp\/v2\/tags?post=347085"}],"curies":[{"name":"wp","href":"https:\/\/api.w.org\/{rel}","templated":true}]}}