{"id":347087,"date":"2025-08-27T07:49:17","date_gmt":"2025-08-27T07:49:17","guid":{"rendered":"https:\/\/www.europesays.com\/fr\/347087\/"},"modified":"2025-08-27T07:49:17","modified_gmt":"2025-08-27T07:49:17","slug":"loire-atlantique-le-jazz-a-la-portee-de-tous-avec-les-rendez-vous-de-lerdre","status":"publish","type":"post","link":"https:\/\/www.europesays.com\/fr\/347087\/","title":{"rendered":"Loire-Atlantique : le jazz \u00e0 la port\u00e9e de tous avec les Rendez-vous de l&rsquo;Erdre !"},"content":{"rendered":"\n<p>L\u2019\u00e9v\u00e9nement est incontournable depuis bient\u00f4t 40 ans \u00e0 Nantes mais pas seulement ! Les Rendez-vous de l\u2019Erdre, qui font la part belle \u00e0 la musique jazz et aux bateaux de plaisance, ont d\u00e9but\u00e9 lundi dans la Cit\u00e9 des Ducs mais aussi dans 14 autres villes de Loire-Atlantique, comme Nort-sur-Erdre, Carquefou, Blain, Guenrou\u00ebt, Nozay ou Saint-Gildas-des-Bois.<\/p>\n<p>Le public a l&#8217;embarras du choix, puisqu\u2019une centaine de concerts gratuits sont programm\u00e9s. Un public pas toujours f\u00e9ru de jazz mais qui se laisse tenter par la proposition musicale, pour le plus grand plaisir de la programmatrice de l\u2019\u00e9v\u00e9nement, Estelle Beauvineau.<\/p>\n<blockquote><p>\n\u00ab\u00a0C&rsquo;est une musique qui est extr\u00eamement vivante, et g\u00e9n\u00e9reuse\u00a0\u00bb\n<\/p><\/blockquote>\n<p>\u00ab\u00a0C&rsquo;est vrai qu&rsquo;on se fait un peu une image du jazz, une musique un peu \u00ab plan-plan \u00bb, qu&rsquo;on \u00e9coute comme \u00e7a de loin, mais c&rsquo;est une musique qui est extr\u00eamement vivante, et g\u00e9n\u00e9reuse et en fait quand les musiciens et les musiciennes sont sur sc\u00e8ne en live, ils sont tellement g\u00e9n\u00e9reux et engag\u00e9s que m\u00eame les gens qui n&rsquo;\u00e9coutent pas du jazz au quotidien peuvent se retrouver envo\u00fbt\u00e9s, et emmen\u00e9s par une proposition artistique, qui parfois n&rsquo;est qu&rsquo;instrumentale&#8230; <\/p>\n<p>J&rsquo;ai vu des sc\u00e8nes aux Rendez-vous de l&rsquo;Erdre o\u00f9 une saxophoniste, telle que G\u00e9raldine Laurent, qui n&rsquo;est absolument pas connue du grand public, jouait son solo devant 2 000 personnes, dont des gens qui la connaissaient certes, mais des gens qui ne la connaissait absolument pas. <strong>Les gens viennent se laisser surprendre, finalement. Ils se d\u00e9barrassent de leurs pr\u00e9jug\u00e9s quand ils arrivent dans cette grande f\u00eate\u00a0\u00bb.<\/strong><\/p>\n<p>Dans cette profusion de propositions, pas toujours facile de faire un choix. Heureusement, la programmatrice Estelle Beauvineau est l\u00e0 pour nous aiguiller.\u00a0<\/p>\n<blockquote><p>\nLes coups de coeur de la programmatrice\n<\/p><\/blockquote>\n<p><strong>\u00ab\u00a0J&rsquo;invite tout le monde \u00e0 vivre le moment fort et embl\u00e9matique du festival, qui est l&rsquo;arriv\u00e9e des bateaux dans le centre-ville de Nantes le samedi soir, ou plut\u00f4t en fin d&rsquo;apr\u00e8s-midi vers 18 heures.<\/strong> Les 160 bateaux qui ont descendu tout l&rsquo;Erdre arrivent en centre-ville et il y a une fanfare constitu\u00e9e de 60 saxophonistes amateurs qui va les attendre ! C&rsquo;est un moment simple mais tr\u00e8s \u00e9mouvant. <\/p>\n<p>Dans la foul\u00e9e de ce temps fort, le samedi soir il y a Marion Rampal qui est notre artiste fil rouge, chanteuse de jazz, prim\u00e9e aux Victoires du Jazz 2022. Et en fin de soir\u00e9e, il y a Le Sacre du tympan, qui est un big band parisien, qui reprend par exemple des th\u00e8mes de cartoon. C&rsquo;est vraiment une soir\u00e9e qui peut \u00eatre assez f\u00e9d\u00e9ratrice\u00a0\u00bb.<\/p>\n","protected":false},"excerpt":{"rendered":"L\u2019\u00e9v\u00e9nement est incontournable depuis bient\u00f4t 40 ans \u00e0 Nantes mais pas seulement ! Les Rendez-vous de l\u2019Erdre, qui&hellip;\n","protected":false},"author":2,"featured_media":347088,"comment_status":"","ping_status":"","sticky":false,"template":"","format":"standard","meta":{"footnotes":""},"categories":[2818],"tags":[1111,11,1697,1777,674,1011,27,6910,3047,766,12,2636,17073,48316,25],"class_list":{"0":"post-347087","1":"post","2":"type-post","3":"status-publish","4":"format-standard","5":"has-post-thumbnail","7":"category-nantes","8":"tag-actu","9":"tag-actualites","10":"tag-concert","11":"tag-eu","12":"tag-europe","13":"tag-fr","14":"tag-france","15":"tag-jazz","16":"tag-loire-atlantique","17":"tag-nantes","18":"tag-news","19":"tag-pays-de-la-loire","20":"tag-plaisance","21":"tag-rendez-vous-de-lerdre","22":"tag-republique-francaise"},"share_on_mastodon":{"url":"https:\/\/pubeurope.com\/@fr\/115099635870511759","error":""},"_links":{"self":[{"href":"https:\/\/www.europesays.com\/fr\/wp-json\/wp\/v2\/posts\/347087","targetHints":{"allow":["GET"]}}],"collection":[{"href":"https:\/\/www.europesays.com\/fr\/wp-json\/wp\/v2\/posts"}],"about":[{"href":"https:\/\/www.europesays.com\/fr\/wp-json\/wp\/v2\/types\/post"}],"author":[{"embeddable":true,"href":"https:\/\/www.europesays.com\/fr\/wp-json\/wp\/v2\/users\/2"}],"replies":[{"embeddable":true,"href":"https:\/\/www.europesays.com\/fr\/wp-json\/wp\/v2\/comments?post=347087"}],"version-history":[{"count":0,"href":"https:\/\/www.europesays.com\/fr\/wp-json\/wp\/v2\/posts\/347087\/revisions"}],"wp:featuredmedia":[{"embeddable":true,"href":"https:\/\/www.europesays.com\/fr\/wp-json\/wp\/v2\/media\/347088"}],"wp:attachment":[{"href":"https:\/\/www.europesays.com\/fr\/wp-json\/wp\/v2\/media?parent=347087"}],"wp:term":[{"taxonomy":"category","embeddable":true,"href":"https:\/\/www.europesays.com\/fr\/wp-json\/wp\/v2\/categories?post=347087"},{"taxonomy":"post_tag","embeddable":true,"href":"https:\/\/www.europesays.com\/fr\/wp-json\/wp\/v2\/tags?post=347087"}],"curies":[{"name":"wp","href":"https:\/\/api.w.org\/{rel}","templated":true}]}}