{"id":347089,"date":"2025-08-27T07:50:18","date_gmt":"2025-08-27T07:50:18","guid":{"rendered":"https:\/\/www.europesays.com\/fr\/347089\/"},"modified":"2025-08-27T07:50:18","modified_gmt":"2025-08-27T07:50:18","slug":"coup-de-theatre-pour-mohamed-un-nouvel-attaquant-vers-nantes","status":"publish","type":"post","link":"https:\/\/www.europesays.com\/fr\/347089\/","title":{"rendered":"coup de th\u00e9\u00e2tre pour Mohamed, un nouvel attaquant vers Nantes ?"},"content":{"rendered":"<p><strong>Le feuilleton Mostafa Mohamed continue d\u2019agiter le mercato. Alors que Sky Sports assure que l\u2019attaquant \u00e9gyptien est devenu la priorit\u00e9 du Panathina\u00efkos, le <a href=\"https:\/\/www.butfootballclub.fr\/615581-fc-nantes-mercato-coup-de-theatre-monumental-pour-bella-kotchap\/\" rel=\"noopener\" target=\"_blank\">FC Nantes<\/a> d\u00e9ment toute discussion avec le club grec.\u00a0<\/strong><\/p>\n<p>\ud83d\udfe5<strong> Rumeur<\/strong><\/p>\n<p>Mostafa Mohamed est au c\u0153ur de toutes les rumeurs. Auteur d\u2019une saison en demi-teinte mais toujours pr\u00e9cieux dans l\u2019animation offensive du <a href=\"https:\/\/www.butfootballclub.fr\/615534-fc-nantes-mercato-une-nouvelle-priorite-emerge-pour-castro-cet-ete\/\" rel=\"noopener\" target=\"_blank\">FC Nantes<\/a>, l\u2019international \u00e9gyptien garde une belle cote sur le march\u00e9. Selon Sky Sports, le Panathina\u00efkos, qualifi\u00e9 pour les barrages de Ligue des champions, en aurait m\u00eame fait sa cible num\u00e9ro 1 pour renforcer son attaque. De quoi mettre le feu aux poudres \u00e0 quelques jours de la fin du mercato.<\/p>\n<p>Pourtant, du c\u00f4t\u00e9 du <a href=\"https:\/\/www.butfootballclub.fr\/615467-fc-nantes-coquelin-annonce-la-couleur-pour-le-match-contre-auxerre\/\" rel=\"noopener\" target=\"_blank\">FC Nantes<\/a>, Ouest-France assure que le discours est clair : aucune discussion n\u2019a \u00e9t\u00e9 entam\u00e9e avec le club grec. Les dirigeants canaris n\u2019ont pas l\u2019intention de brader leur attaquant, dont la valeur est estim\u00e9e \u00e0 10 millions d\u2019euros. Un montant jug\u00e9 \u00e9lev\u00e9 par les Grecs, mais qui correspond \u00e0 la fermet\u00e9 affich\u00e9e par les Jaune et Vert.<\/p>\n<p>Reste que si une offre cons\u00e9quente arrivait sur la table, la donne pourrait changer. Selon David Phelippeau, un transfert de Mohamed ouvrirait automatiquement la porte \u00e0 un renfort offensif. Pas question pour Luis Castro de se retrouver d\u00e9pourvu devant alors que le maintien \u2013 et pourquoi pas un peu plus \u2013 passera forc\u00e9ment par l\u2019efficacit\u00e9 offensive.<\/p>\n<p>\u00ab\u00a0Le coup d\u2019\u0153il de But FC\u00a0\u00bb<\/p>\n<p>\u00ab\u00a0Entre un FC Nantes intransigeant, un Panathina\u00efkos insistant et un joueur partag\u00e9, le dossier Mostafa Mohamed s\u2019annonce comme l\u2019un des plus br\u00fblants de cette fin de mercato\u2026 avec Matthis Abline\u00a0!\u00a0\u00bb<\/p>\n","protected":false},"excerpt":{"rendered":"Le feuilleton Mostafa Mohamed continue d\u2019agiter le mercato. Alors que Sky Sports assure que l\u2019attaquant \u00e9gyptien est devenu&hellip;\n","protected":false},"author":2,"featured_media":347090,"comment_status":"","ping_status":"","sticky":false,"template":"","format":"standard","meta":{"footnotes":""},"categories":[2818],"tags":[1111,11,448,1777,674,63,1011,27,66,3388,766,12,2636,25,10662],"class_list":{"0":"post-347089","1":"post","2":"type-post","3":"status-publish","4":"format-standard","5":"has-post-thumbnail","7":"category-nantes","8":"tag-actu","9":"tag-actualites","10":"tag-champions-league","11":"tag-eu","12":"tag-europe","13":"tag-football","14":"tag-fr","15":"tag-france","16":"tag-ligue-1","17":"tag-matchs","18":"tag-nantes","19":"tag-news","20":"tag-pays-de-la-loire","21":"tag-republique-francaise","22":"tag-transferts"},"share_on_mastodon":{"url":"https:\/\/pubeurope.com\/@fr\/115099639849947620","error":""},"_links":{"self":[{"href":"https:\/\/www.europesays.com\/fr\/wp-json\/wp\/v2\/posts\/347089","targetHints":{"allow":["GET"]}}],"collection":[{"href":"https:\/\/www.europesays.com\/fr\/wp-json\/wp\/v2\/posts"}],"about":[{"href":"https:\/\/www.europesays.com\/fr\/wp-json\/wp\/v2\/types\/post"}],"author":[{"embeddable":true,"href":"https:\/\/www.europesays.com\/fr\/wp-json\/wp\/v2\/users\/2"}],"replies":[{"embeddable":true,"href":"https:\/\/www.europesays.com\/fr\/wp-json\/wp\/v2\/comments?post=347089"}],"version-history":[{"count":0,"href":"https:\/\/www.europesays.com\/fr\/wp-json\/wp\/v2\/posts\/347089\/revisions"}],"wp:featuredmedia":[{"embeddable":true,"href":"https:\/\/www.europesays.com\/fr\/wp-json\/wp\/v2\/media\/347090"}],"wp:attachment":[{"href":"https:\/\/www.europesays.com\/fr\/wp-json\/wp\/v2\/media?parent=347089"}],"wp:term":[{"taxonomy":"category","embeddable":true,"href":"https:\/\/www.europesays.com\/fr\/wp-json\/wp\/v2\/categories?post=347089"},{"taxonomy":"post_tag","embeddable":true,"href":"https:\/\/www.europesays.com\/fr\/wp-json\/wp\/v2\/tags?post=347089"}],"curies":[{"name":"wp","href":"https:\/\/api.w.org\/{rel}","templated":true}]}}