{"id":347097,"date":"2025-08-27T07:54:13","date_gmt":"2025-08-27T07:54:13","guid":{"rendered":"https:\/\/www.europesays.com\/fr\/347097\/"},"modified":"2025-08-27T07:54:13","modified_gmt":"2025-08-27T07:54:13","slug":"deux-suspects-ecroues-apres-une-serie-de-vols-a-main-armee","status":"publish","type":"post","link":"https:\/\/www.europesays.com\/fr\/347097\/","title":{"rendered":"deux suspects \u00e9crou\u00e9s apr\u00e8s une s\u00e9rie de vols \u00e0 main arm\u00e9e"},"content":{"rendered":"<p>\n\u00c0 l&rsquo;issue d&rsquo;une enqu\u00eate de longue haleine, les policiers toulousains ont interpell\u00e9 deux individus suspect\u00e9s de plusieurs vols \u00e0 main arm\u00e9e.<\/p>\n<p>\n\u00a9 Photo d\u2019illustration.<\/p>\n<p>Depuis le mois de juillet dernier, une <strong>enqu\u00eate<\/strong> \u00e9tait en cours \u00e0 <a href=\"https:\/\/infoccitanie.fr\/tag\/toulouse\/\" target=\"_blank\" rel=\"noopener\">Toulouse<\/a> \u00e0 la suite de plusieurs <strong>vols \u00e0 main arm\u00e9e<\/strong> au sein d\u2019\u00e9piceries et d\u2019un tabac. En effet, <strong>trois bureaux de tabac et une \u00e9picerie <\/strong>ont \u00e9t\u00e9 les victimes de ces vols.<\/p>\n<p>Ils tentaient de fuir vers l\u2019Espagne<\/p>\n<p>La police judiciaire a donc dirig\u00e9 de nombreuses investigations. Cela a d\u2019ailleurs men\u00e9 \u00e0 <strong>l\u2019identification de deux suspects <\/strong>qui ont \u00e9galement \u00e9t\u00e9 reconnus par des t\u00e9moins. Ils ont \u00e9t\u00e9 <strong>interpell\u00e9s<\/strong> par les forces de l\u2019ordre alors qu\u2019ils tentaient de <strong>fuir<\/strong> vers <a href=\"https:\/\/infoccitanie.fr\/tag\/espagne\/\" target=\"_blank\" rel=\"noopener\">l\u2019Espagne<\/a>. Par la suite, les enqu\u00eateurs ont \u00e9galement men\u00e9 diff\u00e9rentes <strong>perquisitions<\/strong>. Au sein des domiciles des suspects, ils ont mis la main sur des r\u00e9pliques d\u2019armes ainsi que des v\u00eatements qui auraient \u00e9t\u00e9 utilis\u00e9s lors des faits.<\/p>\n<p>Les deux suspects ont \u00e9t\u00e9 plac\u00e9s en <strong>d\u00e9tention provisoire<\/strong> dans l\u2019attente de leur jugement.<\/p>\n<p><a data-no-instant=\"1\" href=\"https:\/\/www.lio-occitanie.fr\/titres-et-tarifs\/\" rel=\"noopener\" class=\"a2t-link\" aria-label=\"2915-lio-sncf-2025\" target=\"_blank\"><img decoding=\"async\" src=\"https:\/\/www.europesays.com\/fr\/wp-content\/uploads\/2025\/08\/2915-lio-sncf-2025.png\" alt=\"\"  \/><\/a><\/p>\n","protected":false},"excerpt":{"rendered":"\u00c0 l&rsquo;issue d&rsquo;une enqu\u00eate de longue haleine, les policiers toulousains ont interpell\u00e9 deux individus suspect\u00e9s de plusieurs vols&hellip;\n","protected":false},"author":2,"featured_media":347098,"comment_status":"","ping_status":"","sticky":false,"template":"","format":"standard","meta":{"footnotes":""},"categories":[2816],"tags":[1111,11,1067,1777,674,1011,27,12,2680,25,2312],"class_list":{"0":"post-347097","1":"post","2":"type-post","3":"status-publish","4":"format-standard","5":"has-post-thumbnail","7":"category-toulouse","8":"tag-actu","9":"tag-actualites","10":"tag-enquete","11":"tag-eu","12":"tag-europe","13":"tag-fr","14":"tag-france","15":"tag-news","16":"tag-occitanie","17":"tag-republique-francaise","18":"tag-toulouse"},"share_on_mastodon":{"url":"https:\/\/pubeurope.com\/@fr\/115099655504170354","error":""},"_links":{"self":[{"href":"https:\/\/www.europesays.com\/fr\/wp-json\/wp\/v2\/posts\/347097","targetHints":{"allow":["GET"]}}],"collection":[{"href":"https:\/\/www.europesays.com\/fr\/wp-json\/wp\/v2\/posts"}],"about":[{"href":"https:\/\/www.europesays.com\/fr\/wp-json\/wp\/v2\/types\/post"}],"author":[{"embeddable":true,"href":"https:\/\/www.europesays.com\/fr\/wp-json\/wp\/v2\/users\/2"}],"replies":[{"embeddable":true,"href":"https:\/\/www.europesays.com\/fr\/wp-json\/wp\/v2\/comments?post=347097"}],"version-history":[{"count":0,"href":"https:\/\/www.europesays.com\/fr\/wp-json\/wp\/v2\/posts\/347097\/revisions"}],"wp:featuredmedia":[{"embeddable":true,"href":"https:\/\/www.europesays.com\/fr\/wp-json\/wp\/v2\/media\/347098"}],"wp:attachment":[{"href":"https:\/\/www.europesays.com\/fr\/wp-json\/wp\/v2\/media?parent=347097"}],"wp:term":[{"taxonomy":"category","embeddable":true,"href":"https:\/\/www.europesays.com\/fr\/wp-json\/wp\/v2\/categories?post=347097"},{"taxonomy":"post_tag","embeddable":true,"href":"https:\/\/www.europesays.com\/fr\/wp-json\/wp\/v2\/tags?post=347097"}],"curies":[{"name":"wp","href":"https:\/\/api.w.org\/{rel}","templated":true}]}}