{"id":347105,"date":"2025-08-27T07:59:09","date_gmt":"2025-08-27T07:59:09","guid":{"rendered":"https:\/\/www.europesays.com\/fr\/347105\/"},"modified":"2025-08-27T07:59:09","modified_gmt":"2025-08-27T07:59:09","slug":"pres-de-lyon-une-ado-de-14-ans-fait-une-chute-mortelle-depuis-le-4e-etage-dun-immeuble","status":"publish","type":"post","link":"https:\/\/www.europesays.com\/fr\/347105\/","title":{"rendered":"Pr\u00e8s de Lyon. Une ado de 14 ans fait une chute mortelle depuis le 4e \u00e9tage d&rsquo;un immeuble"},"content":{"rendered":"<p>            Par<br \/>\n        <strong><br \/>\n            <a href=\"https:\/\/actu.fr\/auteur\/julien-damboise\" title=\"Consulter tous les articles de Julien Damboise\" target=\"_blank\" rel=\"noopener\">Julien Damboise<\/a><br \/>\n        <\/strong><\/p>\n<p>        Publi\u00e9 le<\/p>\n<p>            27 ao\u00fbt 2025 \u00e0 9h33        <\/p>\n<p>Un terrible drame a marqu\u00e9 le quartier de Parilly, \u00e0 <a href=\"https:\/\/actu.fr\/auvergne-rhone-alpes\/venissieux_69259\" target=\"_blank\" rel=\"noopener\">V\u00e9nissieux<\/a>, ce mardi 26 ao\u00fbt 2025. Une adolescente \u00e2g\u00e9e de 15 ans a perdu la vie apr\u00e8s une<strong> lourde chute du quatri\u00e8me \u00e9tage<\/strong> d\u2019un immeuble de la rue Anatole-France, au sein de la commune situ\u00e9e pr\u00e8s de <a href=\"https:\/\/actu.fr\/auvergne-rhone-alpes\/lyon_69123\" target=\"_blank\" rel=\"noopener\">Lyon<\/a>. Des <strong>investigations<\/strong> sont en cours pour comprendre ce qu\u2019il s\u2019est exactement pass\u00e9.<\/p>\n<p>    <a href=\"https:\/\/www.google.com\/maps\/embed?pb=!1m18!1m12!1m3!1d2945.039638676597!2d4.889170912026328!3d45.721943370958705!2m3!1f0!2f0!3f0!3m2!1i1024!2i768!4f13.1!3m3!1m2!1s0x47f4c220cbe3f81d%3A0xf3c77ceec1e3898f!2sRue%20Anatole%20France%2C%2069200%20V%C3%A9nissieux!5e1!3m2!1sfr!2sfr!4v1756278667572!5m2!1sfr!2sfr\" title=\"Ouvrie le lien\" target=\"_blank\" rel=\"noopener\">Cliquez ici pour visualiser le contenu<\/a><\/p>\n<p>Des secouristes impuissants<\/p>\n<p class=\" wall-content\">Apr\u00e8s le drame qui s\u2019est d\u00e9roul\u00e9 \u00e0 la mi-journ\u00e9e, <strong>d\u2019importants moyens<\/strong> ont \u00e9t\u00e9 d\u00e9p\u00each\u00e9s pour tenter de sauver la jeune victime.<\/p>\n<p class=\" wall-content\">Malheureusement, le d\u00e9c\u00e8s de l\u2019adolescente a \u00e9t\u00e9 prononc\u00e9 sur place peu apr\u00e8s midi. La police est \u00e9galement intervenue.<\/p>\n<p>Une enqu\u00eate ouverte<\/p>\n<p class=\" wall-content\">Accident, intervention d\u2019un tiers ou encore suicide\u2026 On ne sait pas encore quelle piste est privil\u00e9gi\u00e9e par les agents en charge de l\u2019enqu\u00eate ouverte pour faire la lumi\u00e8re sur ces faits.<\/p>\n<p class=\" wall-content\">Des expertises sont en cours.<\/p>\n<p class=\" wall-content\">Personnalisez votre actualit\u00e9 en ajoutant vos villes et m\u00e9dias en favori avec <a href=\"https:\/\/moncompte.actu.fr\" title=\"D\u00e9couvez Mon Actu\" rel=\"nofollow noopener\" data-trk=\"{&quot;cta&quot;:{&quot;action&quot;:&quot;https:\\\/\\\/moncompte.actu.fr&quot;,&quot;category&quot;:&quot;mon compte&quot;,&quot;from&quot;:&quot;article footer&quot;,&quot;name&quot;:&quot;Mon actu&quot;,&quot;type&quot;:&quot;cta&quot;}}\" target=\"_blank\">Mon Actu<\/a>.<\/p>\n","protected":false},"excerpt":{"rendered":"Par Julien Damboise Publi\u00e9 le 27 ao\u00fbt 2025 \u00e0 9h33 Un terrible drame a marqu\u00e9 le quartier de&hellip;\n","protected":false},"author":2,"featured_media":347106,"comment_status":"","ping_status":"","sticky":false,"template":"","format":"standard","meta":{"footnotes":""},"categories":[1889],"tags":[1111,11,2430,1777,674,118,1011,27,2428,12,1072,1311,25],"class_list":{"0":"post-347105","1":"post","2":"type-post","3":"status-publish","4":"format-standard","5":"has-post-thumbnail","7":"category-lyon","8":"tag-actu","9":"tag-actualites","10":"tag-auvergne-rhone-alpes","11":"tag-eu","12":"tag-europe","13":"tag-faits-divers","14":"tag-fr","15":"tag-france","16":"tag-lyon","17":"tag-news","18":"tag-police","19":"tag-pompiers","20":"tag-republique-francaise"},"share_on_mastodon":{"url":"https:\/\/pubeurope.com\/@fr\/115099675147927469","error":""},"_links":{"self":[{"href":"https:\/\/www.europesays.com\/fr\/wp-json\/wp\/v2\/posts\/347105","targetHints":{"allow":["GET"]}}],"collection":[{"href":"https:\/\/www.europesays.com\/fr\/wp-json\/wp\/v2\/posts"}],"about":[{"href":"https:\/\/www.europesays.com\/fr\/wp-json\/wp\/v2\/types\/post"}],"author":[{"embeddable":true,"href":"https:\/\/www.europesays.com\/fr\/wp-json\/wp\/v2\/users\/2"}],"replies":[{"embeddable":true,"href":"https:\/\/www.europesays.com\/fr\/wp-json\/wp\/v2\/comments?post=347105"}],"version-history":[{"count":0,"href":"https:\/\/www.europesays.com\/fr\/wp-json\/wp\/v2\/posts\/347105\/revisions"}],"wp:featuredmedia":[{"embeddable":true,"href":"https:\/\/www.europesays.com\/fr\/wp-json\/wp\/v2\/media\/347106"}],"wp:attachment":[{"href":"https:\/\/www.europesays.com\/fr\/wp-json\/wp\/v2\/media?parent=347105"}],"wp:term":[{"taxonomy":"category","embeddable":true,"href":"https:\/\/www.europesays.com\/fr\/wp-json\/wp\/v2\/categories?post=347105"},{"taxonomy":"post_tag","embeddable":true,"href":"https:\/\/www.europesays.com\/fr\/wp-json\/wp\/v2\/tags?post=347105"}],"curies":[{"name":"wp","href":"https:\/\/api.w.org\/{rel}","templated":true}]}}