{"id":347107,"date":"2025-08-27T08:00:12","date_gmt":"2025-08-27T08:00:12","guid":{"rendered":"https:\/\/www.europesays.com\/fr\/347107\/"},"modified":"2025-08-27T08:00:12","modified_gmt":"2025-08-27T08:00:12","slug":"metropole-de-lyon-meurtre-a-coups-de-couteau-a-la-station-de-metro-charpennes-lauteur-toujours-en-fuite","status":"publish","type":"post","link":"https:\/\/www.europesays.com\/fr\/347107\/","title":{"rendered":"M\u00e9tropole de Lyon. Meurtre \u00e0 coups de couteau \u00e0 la station de m\u00e9tro Charpennes\u00a0: l\u2019auteur toujours en fuite"},"content":{"rendered":"<p>L\u2019auteur du meurtre par arme blanche, survenu au petit matin, mercredi 20\u00a0ao\u00fbt, \u00e0 la station de m\u00e9tro Charpennes, \u00e0 Villeurbanne, \u00ab\u00a0est toujours en cours d\u2019identification\u00a0\u00bb, a annonc\u00e9 au Progr\u00e8s, mardi matin, le parquet de Lyon.<\/p>\n<p>Un homme de 40 ans avait perdu la vie, apr\u00e8s avoir re\u00e7u deux coups de couteau, au niveau du torse et dans le dos, aux environs de 6 heures. La rixe entre les deux protagonistes avait d\u00e9but\u00e9 \u00e0 l\u2019int\u00e9rieur de la station.<\/p>\n<p>  L\u2019auteur \u00e9tait revenu poignarder la victime<\/p>\n<p>On ignore le mobile \u00e0 l\u2019origine du drame, mais le suspect \u00e9tait <a href=\"https:\/\/www.leprogres.fr\/faits-divers-justice\/2025\/08\/21\/meurtre-a-coups-de-couteau-a-villeurbanne-l-auteur-en-fuite-ce-que-l-on-sait\" target=\"_blank\" rel=\"noopener\">revenu vers sa victime<\/a>, pour commettre le geste fatal. L\u2019homme d\u00e9c\u00e9d\u00e9 \u00e9tait sans domicile fixe. Il avait chut\u00e9 dans les escaliers apr\u00e8s avoir \u00e9t\u00e9 poignard\u00e9.<\/p>\n<p>Ce contenu est bloqu\u00e9 car vous n&rsquo;avez pas accept\u00e9 les cookies et autres traceurs.<\/p>\n<p>En cliquant sur \u00ab J\u2019accepte \u00bb, les cookies et autres traceurs seront d\u00e9pos\u00e9s et vous pourrez visualiser les contenus  (<a href=\"\" class=\"consentModule_policy\" target=\"_blank\" title=\"Consulter la politique de protection des donn\u00e9es du fournisseur\">plus d&rsquo;informations<\/a>).<\/p>\n<p>En cliquant sur \u00ab J\u2019accepte tous les cookies \u00bb, vous autorisez des d\u00e9p\u00f4ts de cookies et autres traceurs pour le stockage de vos donn\u00e9es sur nos sites et applications \u00e0 des fins de personnalisation et de ciblage publicitaire.<\/p>\n<p class=\"consentModule_secondaryText\">Vous gardez la possibilit\u00e9 de retirer votre consentement \u00e0 tout moment en consultant notre <a href=\"https:\/\/www.leprogres.fr\/protection-des-donnees\" target=\"_blank\" title=\"Consulter notre politique de protection des donn\u00e9es\" rel=\"noopener\">politique de protection des donn\u00e9es<\/a>. <br \/>&#13;<br \/>\n            <a href=\"https:\/\/www.leprogres.fr\/faits-divers-justice\/2025\/08\/27\/javascript:Didomi.notice.show()\" class=\"consentModule_cmp\" target=\"_blank\" rel=\"noopener\">G\u00e9rer mes choix<\/a>&#13;\n        <\/p>\n<p>&#13;<br \/>\n                        J&rsquo;accepte&#13;<br \/>\n            J&rsquo;accepte tous les cookies&#13;\n        <\/p>\n<p>Une enqu\u00eate pour homicide volontaire est en cours au sein de la division de la criminalit\u00e9 organis\u00e9e et sp\u00e9cialis\u00e9e (ex-police judiciaire), pour retrouver l\u2019auteur du crime.<\/p>\n","protected":false},"excerpt":{"rendered":"L\u2019auteur du meurtre par arme blanche, survenu au petit matin, mercredi 20\u00a0ao\u00fbt, \u00e0 la station de m\u00e9tro Charpennes,&hellip;\n","protected":false},"author":2,"featured_media":347108,"comment_status":"","ping_status":"","sticky":false,"template":"","format":"standard","meta":{"footnotes":""},"categories":[1889],"tags":[1111,11,2430,271,272,2757,1777,674,274,107,1011,27,2428,12,25,2429,6345,6346],"class_list":{"0":"post-347107","1":"post","2":"type-post","3":"status-publish","4":"format-standard","5":"has-post-thumbnail","7":"category-lyon","8":"tag-actu","9":"tag-actualites","10":"tag-auvergne-rhone-alpes","11":"tag-crime","12":"tag-delit-et-contravention","13":"tag-edition-lyon-villeurbanne","14":"tag-eu","15":"tag-europe","16":"tag-faits-divers-justice","17":"tag-fil-info","18":"tag-fr","19":"tag-france","20":"tag-lyon","21":"tag-news","22":"tag-republique-francaise","23":"tag-rhone","24":"tag-villeurbanne","25":"tag-villeurbanne-bassin"},"share_on_mastodon":{"url":"https:\/\/pubeurope.com\/@fr\/115099678952351866","error":""},"_links":{"self":[{"href":"https:\/\/www.europesays.com\/fr\/wp-json\/wp\/v2\/posts\/347107","targetHints":{"allow":["GET"]}}],"collection":[{"href":"https:\/\/www.europesays.com\/fr\/wp-json\/wp\/v2\/posts"}],"about":[{"href":"https:\/\/www.europesays.com\/fr\/wp-json\/wp\/v2\/types\/post"}],"author":[{"embeddable":true,"href":"https:\/\/www.europesays.com\/fr\/wp-json\/wp\/v2\/users\/2"}],"replies":[{"embeddable":true,"href":"https:\/\/www.europesays.com\/fr\/wp-json\/wp\/v2\/comments?post=347107"}],"version-history":[{"count":0,"href":"https:\/\/www.europesays.com\/fr\/wp-json\/wp\/v2\/posts\/347107\/revisions"}],"wp:featuredmedia":[{"embeddable":true,"href":"https:\/\/www.europesays.com\/fr\/wp-json\/wp\/v2\/media\/347108"}],"wp:attachment":[{"href":"https:\/\/www.europesays.com\/fr\/wp-json\/wp\/v2\/media?parent=347107"}],"wp:term":[{"taxonomy":"category","embeddable":true,"href":"https:\/\/www.europesays.com\/fr\/wp-json\/wp\/v2\/categories?post=347107"},{"taxonomy":"post_tag","embeddable":true,"href":"https:\/\/www.europesays.com\/fr\/wp-json\/wp\/v2\/tags?post=347107"}],"curies":[{"name":"wp","href":"https:\/\/api.w.org\/{rel}","templated":true}]}}