{"id":347121,"date":"2025-08-27T08:08:13","date_gmt":"2025-08-27T08:08:13","guid":{"rendered":"https:\/\/www.europesays.com\/fr\/347121\/"},"modified":"2025-08-27T08:08:13","modified_gmt":"2025-08-27T08:08:13","slug":"garanties-de-securite-pour-lukraine-le-torchon-brule-entre-paris-et-rome","status":"publish","type":"post","link":"https:\/\/www.europesays.com\/fr\/347121\/","title":{"rendered":"Garanties de s\u00e9curit\u00e9 pour l&rsquo;Ukraine : le torchon br\u00fble entre Paris et Rome"},"content":{"rendered":"<p>          <img decoding=\"async\" class=\"c-ad__placeholder__logo\" src=\"https:\/\/static.euronews.com\/website\/images\/logos\/logo-euronews-stacked-outlined-72x72-grey-9.svg\" width=\"72\" height=\"72\" alt=\"\" loading=\"lazy\"\/><br \/>\n          PUBLICIT\u00c9<\/p>\n<p>Les propos de Matteo Salvini ont mis le feu aux poudres entre la France et l\u2019Italie. <\/p>\n<p>Le Quai d&rsquo;Orsay a convoqu\u00e9 jeudi l&rsquo;ambassadrice d&rsquo;Italie apr\u00e8s que le vice-pr\u00e9sident du conseil italien a exhort\u00e9 Emmanuel Macron \u00e0 enfiler un gilet pare-balles et \u00e0 aller lui-m\u00eame en Ukraine, pour critiquer le soutien fran\u00e7ais \u00e0 un \u00e9ventuel d\u00e9ploiement de troupes europ\u00e9ennes de maintien de la paix en soutien \u00e0 Kyiv.  <\/p>\n<p><strong>\u00ab\u00a0Vas-y si tu veux. Tu mets ton casque, ton fusil, ton gilet pare-balles, va en Ukraine\u00a0\u00bb<\/strong>, a d\u00e9clar\u00e9 mercredi le dirigeant d&rsquo;extr\u00eame droite qui occupe le poste de ministre des transports et des infrastructures. <\/p>\n<p>Il a \u00e9galement invit\u00e9 le pr\u00e9sident fran\u00e7ais \u00e0 \u00ab\u00a0s&rsquo;accrocher au tram\u00a0\u00bb, une expression qui peut se traduire par \u00ab\u00a0va te faire voir\u00a0\u00bb ou \u00ab\u00a0d\u00e9merde-toi\u00a0\u00bb. <\/p>\n<p>Le dirigeant d&rsquo;extr\u00eame droite est repass\u00e9 \u00e0 l&rsquo;attaque samedi lors d&rsquo;un \u00e9v\u00e9nement de son parti La Ligue, accusant Emmanuel Macron d&rsquo;utiliser la guerre en Ukraine comme un tremplin pour combler une soi-disant popularit\u00e9 en berne \u00e0 domicile. <\/p>\n<p>\u00ab\u00a0Voil\u00e0 des mois qu\u2019il rab\u00e2che la guerre, le parapluie nucl\u00e9aire, les bazookas, les missiles, et l\u2019arm\u00e9e europ\u00e9enne\u00a0! (&#8230;)Vous savez pourquoi\u00a0? \u00c0 mon avis, ils ont mont\u00e9 tout \u00e7a parce que Macron est au plus bas de sa popularit\u00e9 chez lui\u00a0\u00bb, a clam\u00e9 Matteo Salvini. <\/p>\n<p>Garanties de s\u00e9curit\u00e9<\/p>\n<p>Cette dispute met surtout en lumi\u00e8re des divergences entre Europ\u00e9ens au sujet des garanties de s\u00e9curit\u00e9 qu\u2019ils seraient pr\u00eats \u00e0 fournir \u00e0 l\u2019Ukraine dans l&rsquo;hypoth\u00e8se d&rsquo;un accord de paix pour dissuader toute future agression russe. <\/p>\n<p>La France et le Royaume-Uni plaident pour le d\u00e9ploiement d&rsquo;une force de garantie de s\u00e9curit\u00e9 qui aurait diff\u00e9rentes composantes a\u00e9riennes, maritimes et terrestres.  <\/p>\n<p>\u00ab\u00a0Il ne s&rsquo;agit pas d&rsquo;une force neutre entre les deux parties, mais bien d&rsquo;une force aux c\u00f4t\u00e9s des Ukrainiens qui viserait \u00e0 dissuader la Russie de reprendre son \u00e9ventuelle agression de l&rsquo;Ukraine en lui d\u00e9montrant que si elle venait \u00e0 reprendre les hostilit\u00e9s, cette fois-ci ce n&rsquo;est pas uniquement face aux Ukrainiens qu&rsquo;elle serait confront\u00e9e, mais bien face \u00e0 une coalition de pays en Europe\u00a0\u00bb, d\u00e9clare \u00e0 Euronews \u00c9lie Tenenbaum, directeur du centre des \u00e9tudes de s\u00e9curit\u00e9 \u00e0 l&rsquo;Institut fran\u00e7ais des relations internationales (IFRI). <\/p>\n<p>Cette force ne prendrait pas la forme d&rsquo;une \u00ab\u00a0op\u00e9ration de maintien de la paix ou d&rsquo;interposition le long de la ligne de front\u00a0\u00bb, mais serait localis\u00e9e \u00ab\u00a0plut\u00f4t en amont, en arri\u00e8re de la ligne de front, aux c\u00f4t\u00e9s des Ukrainiens\u00a0\u00bb, pr\u00e9cise-t-il. <\/p>\n<p>Emmanuel Macron aurait pris les devants au nom de l&rsquo;autonomie strat\u00e9gique europ\u00e9enne, la capacit\u00e9 des Europ\u00e9ens \u00e0 se d\u00e9fendre.<\/p>\n<p>\u00ab\u00a0On a vu progressivement, surtout \u00e0 partir de 2023 et de fa\u00e7on de plus en plus marqu\u00e9e en 2024 et 2025, Emmanuel Macron se saisir de ce dossier et faire des garanties de s\u00e9curit\u00e9 \u00e0 l&rsquo;Ukraine, un cheval de bataille pour sa politique et sa vision qu&rsquo;il a pour l&rsquo;Europe\u00a0\u00bb, ajoute l&rsquo;expert. <\/p>\n<p>Par ailleurs, il balaie les accusations de Matteo Salvini selon lesquelles le dirigeant fran\u00e7ais tenterait de faire oublier son manque de popularit\u00e9 \u00e0 domicile.<\/p>\n<p>\u00ab\u00a0Je ne pense pas aujourd&rsquo;hui que les analystes politiques et conseillers politiques \u00e0 l&rsquo;\u00c9lys\u00e9e estiment que le dossier ukrainien est particuli\u00e8rement porteur en termes de politique int\u00e9rieure, m\u00eame si \u00e7a contribue \u00e9videmment \u00e0 la stature du pr\u00e9sident\u00a0\u00bb, d\u00e9clare \u00c9lie Tenenbaum qui \u00e9voque \u00ab\u00a0un mauvais proc\u00e8s\u00a0\u00bb. <\/p>\n<p>R\u00e9ticences italiennes<\/p>\n<p>De son c\u00f4t\u00e9, Rome est fermement oppos\u00e9e au d\u00e9ploiement de soldats italiens en Ukraine pour \u00e9viter toute escalade et questionne l\u2019efficacit\u00e9 de l&rsquo;envoi de troupes europ\u00e9ennes en cas d\u2019accord de paix.  <\/p>\n<p>Elle plaide plut\u00f4t pour un m\u00e9canisme de d\u00e9fense collective inspir\u00e9 de l&rsquo;article 5 du trait\u00e9 de l&rsquo;Otan, selon lequel chaque pays s\u2019engagerait \u00e0 porter assistance \u00e0 l\u2019Ukraine si celle-ci est attaqu\u00e9e. <\/p>\n<p>L&rsquo;Italie \u00ab\u00a0insiste plut\u00f4t sur le fait qu\u2019il ne devrait pas s\u2019agir de ses propres troupes pr\u00e9sentes dans un sc\u00e9nario post-cessez-le-feu en Ukraine\u00a0\u00bb, d\u00e9clare \u00e0 Euronews Alberto Alemanno, professeur de droit europ\u00e9en \u00e0 HEC Paris. <\/p>\n<p>Elle veut \u00ab\u00a0plut\u00f4t d\u00e9velopper un mod\u00e8le d\u2019article 5 de l\u2019OTAN qui prot\u00e9gerait l\u2019Ukraine sans l\u2019amener au sein de l\u2019organisation internationale de l\u2019OTAN, parce que nous savons que c\u2019est l\u2019une des lignes rouges demand\u00e9es \u00e0 la Russie\u00a0\u00bb, ajoute-t-il.  <\/p>\n<p>Selon l\u2019expert, ce d\u00e9bat r\u00e9v\u00e8le \u00e9galement les divisions internes au sein du gouvernement de coalition italien. La Premi\u00e8re ministre italienne Giorgia Meloni soutient l\u2019Ukraine et a soutenu toutes les sanctions contre la Russie. \u00c0 l\u2019inverse, La Ligue de Matteo Salvini, qui a des liens historiques avec le Kremlin, s&rsquo;oppose r\u00e9guli\u00e8rement au soutien europ\u00e9en \u00e0 l\u2019Ukraine.  <\/p>\n<p>La Premi\u00e8re ministre italienne doit \u00e9galement composer avec les r\u00e9ticences de ses \u00e9lecteurs. <\/p>\n<p>\u00ab\u00a0Giorgia Meloni se trouve entre le marteau et l\u2019enclume. D\u2019une part, elle doit satisfaire son appartenance europ\u00e9enne et son soutien rh\u00e9torique \u00e0 l\u2019alliance de l\u2019OTAN, d\u2019autre part, elle doit \u00e9galement satisfaire l\u2019opinion publique, y compris nombre de ses propres \u00e9lecteurs qui ne sont pas tr\u00e8s enthousiastes ou du moins tr\u00e8s int\u00e9ress\u00e9s par l\u2019id\u00e9e que l\u2019Italie soit plus impliqu\u00e9e dans la solution de ce conflit\u00a0\u00bb, analyse Alberto Alemanno.<\/p>\n<p>Toutefois Rome et Paris, qui font toutes deux parties de la coalition des volontaires, pourraient converger sur d\u2019autres garanties de s\u00e9curit\u00e9 \u00e0 Kyiv. <\/p>\n<p>Enfin si leur rh\u00e9torique diff\u00e8re, la France et l\u2019Italie ne sont pas tr\u00e8s \u00e9loign\u00e9es en termes de contribution financi\u00e8re \u00e0 l\u2019aide \u00e0 l\u2019Ukraine. \u00a0<\/p>\n","protected":false},"excerpt":{"rendered":"PUBLICIT\u00c9 Les propos de Matteo Salvini ont mis le feu aux poudres entre la France et l\u2019Italie. Le&hellip;\n","protected":false},"author":2,"featured_media":347122,"comment_status":"","ping_status":"","sticky":false,"template":"","format":"standard","meta":{"footnotes":""},"categories":[1590],"tags":[11,1073,1777,674,27,131,452,3999,12,656,220],"class_list":{"0":"post-347121","1":"post","2":"type-post","3":"status-publish","4":"format-standard","5":"has-post-thumbnail","7":"category-ukraine","8":"tag-actualites","9":"tag-emmanuel-macron","10":"tag-eu","11":"tag-europe","12":"tag-france","13":"tag-guerre-en-ukraine","14":"tag-italie","15":"tag-matteo-salvini","16":"tag-news","17":"tag-securite","18":"tag-ukraine"},"share_on_mastodon":{"url":"https:\/\/pubeurope.com\/@fr\/115099710554093804","error":""},"_links":{"self":[{"href":"https:\/\/www.europesays.com\/fr\/wp-json\/wp\/v2\/posts\/347121","targetHints":{"allow":["GET"]}}],"collection":[{"href":"https:\/\/www.europesays.com\/fr\/wp-json\/wp\/v2\/posts"}],"about":[{"href":"https:\/\/www.europesays.com\/fr\/wp-json\/wp\/v2\/types\/post"}],"author":[{"embeddable":true,"href":"https:\/\/www.europesays.com\/fr\/wp-json\/wp\/v2\/users\/2"}],"replies":[{"embeddable":true,"href":"https:\/\/www.europesays.com\/fr\/wp-json\/wp\/v2\/comments?post=347121"}],"version-history":[{"count":0,"href":"https:\/\/www.europesays.com\/fr\/wp-json\/wp\/v2\/posts\/347121\/revisions"}],"wp:featuredmedia":[{"embeddable":true,"href":"https:\/\/www.europesays.com\/fr\/wp-json\/wp\/v2\/media\/347122"}],"wp:attachment":[{"href":"https:\/\/www.europesays.com\/fr\/wp-json\/wp\/v2\/media?parent=347121"}],"wp:term":[{"taxonomy":"category","embeddable":true,"href":"https:\/\/www.europesays.com\/fr\/wp-json\/wp\/v2\/categories?post=347121"},{"taxonomy":"post_tag","embeddable":true,"href":"https:\/\/www.europesays.com\/fr\/wp-json\/wp\/v2\/tags?post=347121"}],"curies":[{"name":"wp","href":"https:\/\/api.w.org\/{rel}","templated":true}]}}