{"id":347123,"date":"2025-08-27T08:09:17","date_gmt":"2025-08-27T08:09:17","guid":{"rendered":"https:\/\/www.europesays.com\/fr\/347123\/"},"modified":"2025-08-27T08:09:17","modified_gmt":"2025-08-27T08:09:17","slug":"la-surtaxe-des-etats-unis-sur-les-produits-indiens-importes-passe-a-50","status":"publish","type":"post","link":"https:\/\/www.europesays.com\/fr\/347123\/","title":{"rendered":"la surtaxe des Etats-Unis sur les produits indiens import\u00e9s passe \u00e0 50%"},"content":{"rendered":"\n<p class=\"c-chapo \">\n  L&rsquo;objectif, pour le pr\u00e9sident am\u00e9ricain Donald Trump, est de sanctionner l&rsquo;Inde pour ses achats de p\u00e9trole russe.\n<\/p>\n<p>            lire plus tard<\/p>\n<p id=\"dialog__title\" class=\"dialog__title\">Pour sauvegarder cet article, connectez-vous ou cr\u00e9ez un compte franceinfo<\/p>\n<p class=\"dialog__description\">Sans paiement. Sans abonnement.<\/p>\n<p>        Fermer la fen\u00eatre d\u2019activation des notifications France Info<\/p>\n<p>            cr\u00e9er votre compte<\/p>\n<p>            se connecter<\/p>\n<p>        Fermer la fen\u00eatre de pr\u00e9sentation<\/p>\n<p>    <img loading=\"lazy\" decoding=\"async\" class=\"signature__image lazyload\" width=\"100\" height=\"100\" data- alt=\"\" src=\"https:\/\/www.europesays.com\/fr\/wp-content\/uploads\/2025\/05\/64a68815cd1a7_placeholder-36b69ec8.png\"\/><\/p>\n<p>    Publi\u00e9 le 27\/08\/2025 09:06<\/p>\n<p>      Mis \u00e0 jour le 27\/08\/2025 09:07<\/p>\n<p>        Temps de lecture : 1min<\/p>\n<p>    <img decoding=\"async\"  alt=\"Le pr\u00e9sident am\u00e9ricain, Donald Trump, le 26 ao\u00fbt 2025 \u00e0 la Maison Blanche \u00e0 Washington (Etats-Unis). (CHIP SOMODEVILLA \/ GETTY IMAGES NORTH AMERICA \/ AFP)\" width=\"432\" height=\"243\" src=\"https:\/\/www.europesays.com\/fr\/wp-content\/uploads\/2025\/08\/063-2232255558-68aeae3bbf138732463950.jpg\" fetchpriority=\"high\"\/><\/p>\n<p>      Le pr\u00e9sident am\u00e9ricain, Donald Trump, le 26 ao\u00fbt 2025 \u00e0 la Maison Blanche \u00e0 Washington (Etats-Unis). (CHIP SOMODEVILLA \/ GETTY IMAGES NORTH AMERICA \/ AFP)<\/p>\n<p>La surtaxe des Etats-Unis sur les produits indiens import\u00e9s, fix\u00e9e \u00e0 25% depuis le d\u00e9but du mois d&rsquo;ao\u00fbt, est pass\u00e9e \u00e0 50% mercredi 27\u00a0ao\u00fbt. Il s&rsquo;agit, pour Donald Trump, de <a href=\"https:\/\/www.franceinfo.fr\/monde\/usa\/droits-de-douane\/droits-de-douane-donald-trump-annonce-une-surtaxe-supplementaire-de-25-sur-les-produits-indiens-en-raison-des-achats-de-petrole-russe_7421215.html\" rel=\"nofollow noopener\" target=\"_blank\">sanctionner les achats de p\u00e9trole russe par l&rsquo;Inde<\/a>.\u00a0<\/p>\n<p>Le pr\u00e9sident am\u00e9ricain avait annonc\u00e9 ce taux punitif d\u00e9but ao\u00fbt, alors qu&rsquo;il s&rsquo;aga\u00e7ait face au refus de Moscou d&rsquo;accepter un cessez-le-feu en Ukraine. Malgr\u00e9 <a href=\"https:\/\/www.franceinfo.fr\/monde\/usa\/presidentielle\/donald-trump\/ce-qu-il-faut-retenir-de-la-rencontre-entre-donald-trump-et-vladimir-poutine-sur-l-avenir-de-l-ukraine_7438135.html\" rel=\"nofollow noopener\" target=\"_blank\">l&rsquo;accueil chaleureux qu&rsquo;il a r\u00e9serv\u00e9 \u00e0 Vladimir Poutine en Alaska<\/a> mi-ao\u00fbt, Donald Trump a maintenu cette mesure visant \u00e0 entraver la capacit\u00e9 de Moscou de financer la guerre.<\/p>\n<p>Le nouveau taux am\u00e9ricain ne concernera pas un certain nombre de produits, parmi lesquels les iPhone, dont la fabrication est de plus en plus souvent r\u00e9alis\u00e9e en Inde. Ces derniers devraient \u00eatre n\u00e9anmoins touch\u00e9s par les droits de douane sectoriels, jusqu&rsquo;\u00e0 100%, que le pr\u00e9sident am\u00e9ricain souhaite imposer progressivement sur les semi-conducteurs et les produits \u00e9lectroniques.<\/p>\n<p>New Delhi a r\u00e9p\u00e9t\u00e9 esp\u00e9rer un accord commercial avec Washington.\u00a0Les discussions ont d\u00e9but\u00e9 d\u00e8s f\u00e9vrier et se sont poursuivies depuis, mais l&rsquo;Inde s&rsquo;av\u00e8re \u00eatre un \u00ab\u00a0n\u00e9gociateur beaucoup plus coriace\u00a0\u00bb que ce qu&rsquo;il anticipait, a reconnu Donald Trump.<\/p>\n<p>Afin de limiter les effets des surtaxes visant son pays, le Premier ministre indien, Narendra Modi, a assur\u00e9 qu&rsquo;il allait \u00ab\u00a0all\u00e9ger le fardeau fiscal du citoyen ordinaire\u00a0\u00bb, lors de son discours pour l&rsquo;anniversaire de l&rsquo;Ind\u00e9pendance, le 15\u00a0ao\u00fbt. Les \u00e9conomistes estiment que, sans accord entre Washington et New Delhi, les droits de douane pourraient faire passer la croissance indienne sous la barre des 6%.<\/p>\n","protected":false},"excerpt":{"rendered":"L&rsquo;objectif, pour le pr\u00e9sident am\u00e9ricain Donald Trump, est de sanctionner l&rsquo;Inde pour ses achats de p\u00e9trole russe. lire&hellip;\n","protected":false},"author":2,"featured_media":347124,"comment_status":"","ping_status":"","sticky":false,"template":"","format":"standard","meta":{"footnotes":""},"categories":[1589],"tags":[11,73,1866,12,1864,1865,1863,308],"class_list":{"0":"post-347123","1":"post","2":"type-post","3":"status-publish","4":"format-standard","5":"has-post-thumbnail","7":"category-etats-unis","8":"tag-actualites","9":"tag-etats-unis","10":"tag-etats-unis-damerique","11":"tag-news","12":"tag-united-states","13":"tag-united-states-of-america","14":"tag-us","15":"tag-usa"},"share_on_mastodon":{"url":"https:\/\/pubeurope.com\/@fr\/115099714511925563","error":""},"_links":{"self":[{"href":"https:\/\/www.europesays.com\/fr\/wp-json\/wp\/v2\/posts\/347123","targetHints":{"allow":["GET"]}}],"collection":[{"href":"https:\/\/www.europesays.com\/fr\/wp-json\/wp\/v2\/posts"}],"about":[{"href":"https:\/\/www.europesays.com\/fr\/wp-json\/wp\/v2\/types\/post"}],"author":[{"embeddable":true,"href":"https:\/\/www.europesays.com\/fr\/wp-json\/wp\/v2\/users\/2"}],"replies":[{"embeddable":true,"href":"https:\/\/www.europesays.com\/fr\/wp-json\/wp\/v2\/comments?post=347123"}],"version-history":[{"count":0,"href":"https:\/\/www.europesays.com\/fr\/wp-json\/wp\/v2\/posts\/347123\/revisions"}],"wp:featuredmedia":[{"embeddable":true,"href":"https:\/\/www.europesays.com\/fr\/wp-json\/wp\/v2\/media\/347124"}],"wp:attachment":[{"href":"https:\/\/www.europesays.com\/fr\/wp-json\/wp\/v2\/media?parent=347123"}],"wp:term":[{"taxonomy":"category","embeddable":true,"href":"https:\/\/www.europesays.com\/fr\/wp-json\/wp\/v2\/categories?post=347123"},{"taxonomy":"post_tag","embeddable":true,"href":"https:\/\/www.europesays.com\/fr\/wp-json\/wp\/v2\/tags?post=347123"}],"curies":[{"name":"wp","href":"https:\/\/api.w.org\/{rel}","templated":true}]}}