{"id":347127,"date":"2025-08-27T08:11:11","date_gmt":"2025-08-27T08:11:11","guid":{"rendered":"https:\/\/www.europesays.com\/fr\/347127\/"},"modified":"2025-08-27T08:11:11","modified_gmt":"2025-08-27T08:11:11","slug":"lettre-ouverte-la-voix-franco-allemande-doit-porter-lobjectif-europeen-de-90-dici-2020","status":"publish","type":"post","link":"https:\/\/www.europesays.com\/fr\/347127\/","title":{"rendered":"Lettre ouverte : la voix franco-allemande doit porter l&rsquo;objectif europ\u00e9en de &#8211; 90% d&rsquo;ici 2020"},"content":{"rendered":"<p><strong>A l\u2019occasion du Sommet France-Allemagne qui se tiendra \u00e0 Toulon le 28 et 29 ao\u00fbt, plus de 260 organisations fran\u00e7aises et allemandes publient une lettre ouverte exhortant les deux chefs d\u2019Etat \u00e0 porter d\u2019une seule voix un objectif climatique europ\u00e9en 2040 ambitieux, en vue de la COP30.\u00a0<\/strong><\/p>\n<p>Dans une lettre ouverte publi\u00e9e aujourd\u2019hui, des alliances de la soci\u00e9t\u00e9 civile d\u2019Allemagne et de France \u2013 Klima-Allianz Deutschland, Deutscher Naturschutzring et le R\u00e9seau Action Climat,\u00a0 appellent le chancelier allemand Friedrich Merz et le pr\u00e9sident fran\u00e7ais Emmanuel Macron \u00e0 s\u2019engager clairement en faveur de l\u2019objectif climatique de l\u2019UE pour 2040, propos\u00e9 par la Commission europ\u00e9enne, \u00e0 savoir une r\u00e9duction de 90 % des \u00e9missions.<\/p>\n<p>\u201c<strong>Face \u00e0 une situation g\u00e9opolitique mondiale de plus en plus incertaine et aux effets de plus en plus visibles du r\u00e9chauffement climatique \u2013 y compris en Europe \u2013 l\u2019UE doit plus que jamais retrouver sa capacit\u00e9 d\u2019action en mati\u00e8re de politique climatique internationale. Il est donc crucial que l\u2019Allemagne et la France, en tant que plus grandes \u00e9conomies europ\u00e9ennes, parlent d\u2019une seule voix<\/strong>\u201d, indique la lettre.<\/p>\n<p>Les signataires soulignent que, selon les donn\u00e9es scientifiques, l\u2019objectif de 2040 de -90 % constitue le minimum n\u00e9cessaire pour permettre \u00e0 l\u2019UE d\u2019atteindre la neutralit\u00e9 climatique d\u2019ici 2050. De plus, l\u2019accord doit \u00eatre conclu d\u00e8s cet automne afin que l\u2019UE puisse soumettre une nouvelle Contribution D\u00e9termin\u00e9e au niveau National (CDN) pour 2035 aux Nations unies, \u00e0 temps pour la Conf\u00e9rence mondiale sur le climat en novembre prochain au Br\u00e9sil (COP30).\u00a0<strong>L\u2019UE est \u00e9galement l\u00e9galement tenue de le faire, comme l\u2019a r\u00e9cemment confirm\u00e9 la Cour internationale de justice<\/strong>.\u00a0<\/p>\n<p>De plus,\u00a0<strong>les organisations insistent pour que les r\u00e9ductions d\u2019\u00e9missions soient r\u00e9alis\u00e9es sur le territoire de l\u2019UE et non d\u00e9localis\u00e9es \u00e0 l\u2019\u00e9tranger \u00e0 co\u00fbt \u00e9lev\u00e9<\/strong>. Ces fonds m\u00e9riteraient plut\u00f4t d\u2019\u00eatre investis dans la transition vers une \u00e9conomie durable en Europe.<\/p>\n<p><strong>Klima-Allianz Deutschland, Deutscher Naturschutzring et R\u00e9seau Action Climat France appellent \u00e0 ce que le sommet de Toulon marque \u00e9galement le d\u00e9but d\u2019une coop\u00e9ration climatique franco-allemande renforc\u00e9e et durable.<\/strong><\/p>\n<p class=\"fc-link\"><a class=\"c-link\" href=\"https:\/\/reseauactionclimat.org\/wp-content\/uploads\/2025\/08\/lettre-ouverte-la-voix-franco-allemande-doit-porter-lobjectif-europeen-de-90-dici-2040.pdf\" rel=\"nofollow noopener\" target=\"_blank\">Retrouvez notre lettre ouverte<\/a><\/p>\n","protected":false},"excerpt":{"rendered":"A l\u2019occasion du Sommet France-Allemagne qui se tiendra \u00e0 Toulon le 28 et 29 ao\u00fbt, plus de 260&hellip;\n","protected":false},"author":2,"featured_media":347128,"comment_status":"","ping_status":"","sticky":false,"template":"","format":"standard","meta":{"footnotes":""},"categories":[1587],"tags":[11,672,1804,1805,1803,1777,674,1801,12,1802],"class_list":{"0":"post-347127","1":"post","2":"type-post","3":"status-publish","4":"format-standard","5":"has-post-thumbnail","7":"category-allemagne","8":"tag-actualites","9":"tag-allemagne","10":"tag-bundesrepublik-deutschland","11":"tag-de","12":"tag-deutschland","13":"tag-eu","14":"tag-europe","15":"tag-germany","16":"tag-news","17":"tag-republique-federale-dallemagne"},"share_on_mastodon":{"url":"https:\/\/pubeurope.com\/@fr\/115099722431842408","error":""},"_links":{"self":[{"href":"https:\/\/www.europesays.com\/fr\/wp-json\/wp\/v2\/posts\/347127","targetHints":{"allow":["GET"]}}],"collection":[{"href":"https:\/\/www.europesays.com\/fr\/wp-json\/wp\/v2\/posts"}],"about":[{"href":"https:\/\/www.europesays.com\/fr\/wp-json\/wp\/v2\/types\/post"}],"author":[{"embeddable":true,"href":"https:\/\/www.europesays.com\/fr\/wp-json\/wp\/v2\/users\/2"}],"replies":[{"embeddable":true,"href":"https:\/\/www.europesays.com\/fr\/wp-json\/wp\/v2\/comments?post=347127"}],"version-history":[{"count":0,"href":"https:\/\/www.europesays.com\/fr\/wp-json\/wp\/v2\/posts\/347127\/revisions"}],"wp:featuredmedia":[{"embeddable":true,"href":"https:\/\/www.europesays.com\/fr\/wp-json\/wp\/v2\/media\/347128"}],"wp:attachment":[{"href":"https:\/\/www.europesays.com\/fr\/wp-json\/wp\/v2\/media?parent=347127"}],"wp:term":[{"taxonomy":"category","embeddable":true,"href":"https:\/\/www.europesays.com\/fr\/wp-json\/wp\/v2\/categories?post=347127"},{"taxonomy":"post_tag","embeddable":true,"href":"https:\/\/www.europesays.com\/fr\/wp-json\/wp\/v2\/tags?post=347127"}],"curies":[{"name":"wp","href":"https:\/\/api.w.org\/{rel}","templated":true}]}}