{"id":347135,"date":"2025-08-27T08:15:17","date_gmt":"2025-08-27T08:15:17","guid":{"rendered":"https:\/\/www.europesays.com\/fr\/347135\/"},"modified":"2025-08-27T08:15:17","modified_gmt":"2025-08-27T08:15:17","slug":"vivre-sans-voiture-est-la-meilleure-action-individuelle-pour-le-climat","status":"publish","type":"post","link":"https:\/\/www.europesays.com\/fr\/347135\/","title":{"rendered":"Vivre sans voiture est la meilleure action individuelle pour le climat"},"content":{"rendered":"<p>On entend souvent que le fait d\u2019arr\u00eater l\u2019avion ou de devenir v\u00e9g\u00e9tarien est la meilleure action individuelle pour le climat. Et bien l\u2019action qui aurait le plus d\u2019impact, ce serait de vivre sans voiture\u00a0!<\/p>\n<p>Mais d\u2019o\u00f9 vient cette information\u00a0? Directement du dernier rapport du GIEC, et notamment <a href=\"https:\/\/bonpote.com\/nouveau-rapport-du-giec-agir-coutera-moins-cher-que-le-business-as-usual\/\" rel=\"nofollow noopener\" target=\"_blank\">les travaux de synth\u00e8se du 3e groupe<\/a>, celui de l\u2019att\u00e9nuation, soit les solutions pour lutter contre le changement climatique.<\/p>\n<p>Voici comment interpr\u00e9ter l\u2019affirmation \u201cvivre sans voiture est la meilleure action individuelle pour le climat\u201d. Premi\u00e8rement, quelques ordres de grandeur. En 2019, le secteur Transport repr\u00e9sentait 15% des \u00e9missions mondiales de CO2eq. C\u2019est toujours le cas <a href=\"https:\/\/bonpote.com\/le-monde-se-dirige-vers-un-rechauffement-de-3-1c\/\" rel=\"nofollow noopener\" target=\"_blank\">en 2023 avec 15% des \u00e9missions mondiales<\/a>, dont plus des deux tiers viennent du transport routier.<\/p>\n<p><img loading=\"lazy\" decoding=\"async\" width=\"1024\" height=\"321\" src=\"https:\/\/www.europesays.com\/fr\/wp-content\/uploads\/2025\/08\/Emissions-mondiales-par-secteur-TS-WG3-1024x321.jpg\" alt=\"\" class=\"lazyload wp-image-34113\"  data-\/>Emissions mondiales de CO2eq par secteur en 2019. Source\u00a0: <a href=\"https:\/\/www.ipcc.ch\/report\/ar6\/wg3\/downloads\/report\/IPCC_AR6_WGIII_TechnicalSummary.pdf\" rel=\"nofollow noopener\" target=\"_blank\">WG3 TS<\/a><\/p>\n<p>15% \u00e0 l\u2019\u00e9chelle mondiale, mais dans les pays riches, c\u2019est souvent bien plus. Par exemple en France, nous apprenons dans le  rapport annuel du Haut Conseil pour le Climat 2025 que <a href=\"https:\/\/bonpote.com\/les-francais-mis-en-danger-le-haut-conseil-pour-le-climat-alerte-sur-la-politique-du-gouvernement-macron\/\" rel=\"nofollow noopener\" target=\"_blank\">les \u00e9missions de transports repr\u00e9sentent 34% des \u00e9missions nationales<\/a>, dont la moiti\u00e9 environ est attribuable \u00e0 la voiture.<\/p>\n<p>A l\u2019\u00e9chelle individuelle, remplacer la voiture par la marche et le v\u00e9lo est la mesure qui a le plus grand potentiel pour r\u00e9duire l\u2019empreinte carbone<\/p>\n<p>Le GIEC d\u00e9clare ainsi que\u00a0:<\/p>\n<blockquote class=\"wp-block-quote is-layout-flow wp-block-quote-is-layout-flow\">\n<p> \u201cParmi les 60 mesures identifi\u00e9es susceptibles de modifier la consommation individuelle, les choix de mobilit\u00e9 individuelle sont ceux qui pr\u00e9sentent le plus grand potentiel de r\u00e9duction de l\u2019empreinte carbone. Donner la priorit\u00e9 \u00e0 la mobilit\u00e9 sans voiture, en privil\u00e9giant la marche et le v\u00e9lo, et adopter la mobilit\u00e9 \u00e9lectrique pourrait permettre d\u2019\u00e9conomiser 2 tCO2-eq\u201d.<\/p>\n<p>D\u2019autres options pr\u00e9sentant un fort potentiel d\u2019att\u00e9nuation comprennent la r\u00e9duction des voyages en avion, l\u2019ajustement du thermostat, la r\u00e9duction de l\u2019utilisation des appareils \u00e9lectrom\u00e9nagers, le passage aux transports publics et l\u2019orientation de la consommation vers des r\u00e9gimes alimentaires \u00e0 base de plantes. {5.3.1, 5.3.1.2, figure 5.8}<\/p>\n<\/blockquote>\n<p><img loading=\"lazy\" decoding=\"async\" width=\"963\" height=\"1024\" src=\"https:\/\/www.europesays.com\/fr\/wp-content\/uploads\/2025\/08\/IPCC_AR6_WGIII_Figure_5_8-963x1024.png\" alt=\"\" class=\"lazyload wp-image-34117\"  data-\/>Source\u00a0: figure 5.8 chap 5 WG3 du 6e rapport du GIEC<\/p>\n<p>Si vivre sans voiture est la solution qui a le plus grand potentiel, cela n\u2019est pas un fait qui peut s\u2019appliquer \u00e0 tout le monde. Si vous conduisez 500km par an avec une voiture d\u2019occasion et que vous faites deux A-R Paris New-York en avion (voire un seul\u00a0!), bien s\u00fbr dans ce cas l\u2019avion reste votre plus gros levier pour r\u00e9duire votre empreinte carbone.<\/p>\n<p>Le plus simple pour le savoir est de prendre 5 min en simulant votre empreinte carbone, <a href=\"https:\/\/bonpote.com\/comment-calculer-son-empreinte-carbone\/\" rel=\"nofollow noopener\" target=\"_blank\">en cliquant ici<\/a>.<\/p>\n<p><img loading=\"lazy\" decoding=\"async\" width=\"1024\" height=\"729\" src=\"https:\/\/www.europesays.com\/fr\/wp-content\/uploads\/2025\/08\/CAR-FREE-Vivre-sans-voiture-TS-GIEC-1-1024x729.jpg\" alt=\"\" class=\"lazyload wp-image-34115\"  data-\/>Extrait du r\u00e9sum\u00e9 technique du 3e volet du 6e rapport du GIEC, o\u00f9 il est rappel\u00e9 que vivre sans voiture pr\u00e9sente le plus grand potentiel pour r\u00e9duire les \u00e9missions de CO2.Les nombreux avantages \u00e0 passer au v\u00e9lo ou \u00e0 la marche \u00e0 pied<\/p>\n<p>Chez Bon Pote, nous ne cachons pas notre parti pris pour le v\u00e9lo. De nombreux articles d\u00e9montrant l\u2019int\u00e9r\u00eat de d\u00e9velopper des pistes cyclables s\u00e9curis\u00e9es en France sont disponibles, notamment <a href=\"https:\/\/bonpote.com\/le-velo-est-le-futur-de-nos-mobilites-1-5\/\" rel=\"nofollow noopener\" target=\"_blank\">cette s\u00e9rie de Guillaume Martin en 5 articles<\/a>.<\/p>\n<p>C\u2019est l\u2019un des principaux objectifs pour d\u00e9carboner les transports en France, et c\u2019est un consensus scientifique\u00a0: il faut r\u00e9duire la place de la voiture individuelle. M\u00eame s\u2019il y a un l\u00e9ger mieux en 5 ans, la France est tr\u00e8s en retard sur ces objectifs, en t\u00e9moigne la qualit\u00e9 des pistes cyclables via ce classement des <a href=\"https:\/\/bonpote.com\/le-top-10-des-villes-cyclables-en-france\/\" rel=\"nofollow noopener\" target=\"_blank\">10 villes et m\u00e9tropoles les plus cyclables en France<\/a>.<\/p>\n<p><img loading=\"lazy\" decoding=\"async\" width=\"1024\" height=\"459\" src=\"https:\/\/www.europesays.com\/fr\/wp-content\/uploads\/2025\/08\/Se-passer-de-la-voiture-co-benefices-1024x459.jpg\" alt=\"\" class=\"lazyload wp-image-34119\"  data-\/>Le v\u00e9lo et ses co-b\u00e9n\u00e9fices, <a href=\"https:\/\/www.dropbox.com\/scl\/fi\/1h0j2r5gf7k3t0z2pqo2b\/LeVeloDansLAR6_final_20220520_16h.pptx?rlkey=wg7ugyy32tx4vuoj0lxqc3upv&amp;e=2&amp;dl=0\" rel=\"nofollow noopener\" target=\"_blank\">pr\u00e9sentation de Gon\u00e9ri Le Cozannet et Val\u00e9rie Masson-Delmotte<\/a><\/p>\n<p>Faire en sorte que les citoyens et citoyennes puissent vivre sans voiture pr\u00e9sente de multiples avantages.<\/p>\n<ul class=\"wp-block-list\">\n<li>Une meilleure qualit\u00e9 de l\u2019air, et c\u2019est <a href=\"https:\/\/bonpote.com\/synthese-et-analyse-du-nouveau-rapport-du-giec\/\" rel=\"nofollow noopener\" target=\"_blank\">un co-b\u00e9n\u00e9fice atteignable \u00e0 court terme<\/a>. Rappelons qu\u2019il y a 40000 morts de la pollution en France chaque ann\u00e9e et que <a href=\"https:\/\/bonpote.com\/les-zfe-une-bonne-politique-de-transition-ecologique\/\" rel=\"nofollow noopener\" target=\"_blank\">les ZFE sont une solution efficace<\/a> (si elle est bien accompagn\u00e9e avec des mesures justes, donc pas comme cela a \u00e9t\u00e9 fait par les diff\u00e9rents gouvernements sous Macron).<\/li>\n<li>Une baisse drastique des \u00e9missions de CO2, sujet prioritaire en France o\u00f9 les \u00e9missions du secteur des transports repr\u00e9sentent 34% des \u00e9missions territoriales<\/li>\n<li>C\u2019est \u00e9galement <a href=\"https:\/\/bonpote.com\/plan-velo-lannulation-absurde-du-gouvernement-barnier\/\" rel=\"nofollow noopener\" target=\"_blank\">une tr\u00e8s bonne id\u00e9e pour faire des \u00e9conomies<\/a>, \u00e0 l\u2019heure o\u00f9 le gouvernement cherche \u00e0 en faire, il devrait investir massivement dans des pistes cyclables s\u00e9curis\u00e9es\u00a0!<\/li>\n<\/ul>\n<p>Lorsqu\u2019il est \u00e9voqu\u00e9 de r\u00e9duire le r\u00f4le de la voiture individuelle, vous avez syst\u00e9matiquement des remarques pour vous dire que c\u2019est impossible.<strong> Il est pourtant clairement \u00e9tabli que c\u2019est faisable ET efficace<\/strong>, selon une analyse r\u00e9alis\u00e9e par le GIEC en  6 crit\u00e8res\u00a0:<\/p>\n<p><img loading=\"lazy\" decoding=\"async\" width=\"1024\" height=\"498\" src=\"https:\/\/www.europesays.com\/fr\/wp-content\/uploads\/2025\/08\/Figure-10.23-1024x498.jpg\" alt=\"\" class=\"lazyload wp-image-34122\"  data-\/>Figure <a href=\"https:\/\/www.ipcc.ch\/report\/ar6\/wg3\/downloads\/report\/IPCC_AR6_WGIII_Full_Report.pdf\" rel=\"nofollow noopener\" target=\"_blank\">10.23 WG3 6e rapport du GIEC<\/a><\/p>\n<p>Passer d\u2019une voiture thermique \u00e0 une voiture \u00e9lectrique est d\u00e9j\u00e0 un geste individuel significatif, mais se passer de la voiture a bien plus d\u2019impact. Comme le dit Aur\u00e9lien Bigo dans <a href=\"http:\/\/l%E2%80%99avenir%20de%20la%20voiture%20sera%20assur%C3%A9ment%20%C3%A9lectrique,%20mais%20la%20voiture%20individuelle%20ne%20doit%20pas%20%C3%AAtre%20l%E2%80%99avenir%20de%20notre%20mobilit%C3%A9\" rel=\"nofollow\">notre article sur la voiture \u00e9lectrique<\/a>, l\u2019avenir de la voiture sera assur\u00e9ment \u00e9lectrique, mais la voiture individuelle ne doit pas \u00eatre l\u2019avenir de notre mobilit\u00e9.<\/p>\n<p>Les solutions existent<\/p>\n<p>Les experts Aur\u00e9lien Bigo et Mathieu Chassignet\u00a0ont propos\u00e9 pour Bon Pote <strong>10 id\u00e9es de politiques publiques de transformation des espaces publics<\/strong>\u00a0qui peuvent nous permettre de faire de grands pas pour la transition des mobilit\u00e9s et pour rendre les villes et villages plus apais\u00e9s et agr\u00e9ables \u00e0 vivre. A condition que ces id\u00e9es soient largement partag\u00e9es, reprises et mises en \u0153uvre lors de la campagne et du prochain mandat municipal.<\/p>\n<p>Les solutions sont \u00e0 lire dans cet article\u00a0: <a href=\"https:\/\/bonpote.com\/municipales-2026-10-idees-pour-la-mobilite-et-les-espaces-publics\/\" rel=\"nofollow noopener\" target=\"_blank\">Municipales 2026\u00a0: 10 id\u00e9es pour la mobilit\u00e9 et les espaces publics<\/a><\/p>\n<ul class=\"wp-block-list\">\n<li>1\/ R\u00e9\u00e9quilibrer l\u2019espace public<\/li>\n<li>2\/ Mettre en place un plan de circulation<\/li>\n<li>3\/ Faire la ville \u00e0 30 km\/h<\/li>\n<li>4\/ Pi\u00e9tonniser de nouvelles rues ou secteurs<\/li>\n<li>5\/ Favoriser les commerces et services de proximit\u00e9<\/li>\n<li>6\/ Lib\u00e9rer certains itin\u00e9raires des voitures le dimanche matin<\/li>\n<li>7\/ S\u00e9curiser les routes\u00a0: traiter les coupures urbaines<\/li>\n<li>8\/ V\u00e9g\u00e9taliser les espaces publics<\/li>\n<li>9\/ Mettre en place des rues scolaires<\/li>\n<li>10\/ Impliquer davantage les usagers dans la transition des mobilit\u00e9s<\/li>\n<\/ul>\n<p>Permettre aux Fran\u00e7aises et Fran\u00e7ais de vivre sans voiture devrait \u00eatre un enjeu national. Offrir des alternatives \u00e0 ce mode de transport qui n\u2019est pas une libert\u00e9, <a href=\"https:\/\/bonpote.com\/les-10-mensonges-les-plus-courants-sur-la-voiture-en-france\/\" rel=\"nofollow noopener\" target=\"_blank\">mais une prison pour des millions de Fran\u00e7ais<\/a>. Et une prison qui co\u00fbte tr\u00e8s cher\u00a0: avec <a href=\"https:\/\/bonpote.com\/le-vrai-cout-dune-voiture-ou-de-la-voiture\" rel=\"nofollow noopener\" target=\"_blank\">notre simulateur, vous pouvez calculer quel est le vrai co\u00fbt de votre voiture chaque ann\u00e9e<\/a>. De quoi demander plus \u00e0 nos politiques, d\u00e8s maintenant et en faire un enjeu \u00e0 tous les \u00e9chelons nationaux d\u00e8s les prochaines \u00e9lections.<\/p>\n","protected":false},"excerpt":{"rendered":"On entend souvent que le fait d\u2019arr\u00eater l\u2019avion ou de devenir v\u00e9g\u00e9tarien est la meilleure action individuelle pour&hellip;\n","protected":false},"author":2,"featured_media":347136,"comment_status":"","ping_status":"","sticky":false,"template":"","format":"standard","meta":{"footnotes":""},"categories":[2],"tags":[11,1011,27,1137,12,25],"class_list":{"0":"post-347135","1":"post","2":"type-post","3":"status-publish","4":"format-standard","5":"has-post-thumbnail","7":"category-actualites","8":"tag-actualites","9":"tag-fr","10":"tag-france","11":"tag-mobilite","12":"tag-news","13":"tag-republique-francaise"},"share_on_mastodon":{"url":"https:\/\/pubeurope.com\/@fr\/115099738225011958","error":""},"_links":{"self":[{"href":"https:\/\/www.europesays.com\/fr\/wp-json\/wp\/v2\/posts\/347135","targetHints":{"allow":["GET"]}}],"collection":[{"href":"https:\/\/www.europesays.com\/fr\/wp-json\/wp\/v2\/posts"}],"about":[{"href":"https:\/\/www.europesays.com\/fr\/wp-json\/wp\/v2\/types\/post"}],"author":[{"embeddable":true,"href":"https:\/\/www.europesays.com\/fr\/wp-json\/wp\/v2\/users\/2"}],"replies":[{"embeddable":true,"href":"https:\/\/www.europesays.com\/fr\/wp-json\/wp\/v2\/comments?post=347135"}],"version-history":[{"count":0,"href":"https:\/\/www.europesays.com\/fr\/wp-json\/wp\/v2\/posts\/347135\/revisions"}],"wp:featuredmedia":[{"embeddable":true,"href":"https:\/\/www.europesays.com\/fr\/wp-json\/wp\/v2\/media\/347136"}],"wp:attachment":[{"href":"https:\/\/www.europesays.com\/fr\/wp-json\/wp\/v2\/media?parent=347135"}],"wp:term":[{"taxonomy":"category","embeddable":true,"href":"https:\/\/www.europesays.com\/fr\/wp-json\/wp\/v2\/categories?post=347135"},{"taxonomy":"post_tag","embeddable":true,"href":"https:\/\/www.europesays.com\/fr\/wp-json\/wp\/v2\/tags?post=347135"}],"curies":[{"name":"wp","href":"https:\/\/api.w.org\/{rel}","templated":true}]}}