{"id":347139,"date":"2025-08-27T08:19:12","date_gmt":"2025-08-27T08:19:12","guid":{"rendered":"https:\/\/www.europesays.com\/fr\/347139\/"},"modified":"2025-08-27T08:19:12","modified_gmt":"2025-08-27T08:19:12","slug":"lex-rugbyman-julien-pierre-engage-sur-le-terrain-climatique","status":"publish","type":"post","link":"https:\/\/www.europesays.com\/fr\/347139\/","title":{"rendered":"l\u2019ex-rugbyman Julien Pierre engag\u00e9 sur le terrain climatique"},"content":{"rendered":"<p>Pour la 13e \u00e9dition des rencontres \u00c9nergie-Climat, le <a href=\"https:\/\/www.e5t.fr\/evenement\/ete-2025\/\" target=\"_blank\" rel=\"nofollow noopener\">think tank, et organisateur, e5t<\/a> anime des conf\u00e9rences sur le th\u00e8me\u00a0: \u00ab\u00a0combiner intelligence artificielle (IA) et leadership pour acc\u00e9l\u00e9rer la transition \u00e9nerg\u00e9tique et agro-climatique\u00a0\u00bb. Les discussions auront lieu les 27 et 28\u00a0ao\u00fbt \u00e0 La\u00a0Rochelle.<\/p>\n<p>\u00c0 cette occasion, chercheurs, avocats, responsables politiques et sportifs sont convi\u00e9s \u00e0 partager leur point de vue. Ancien rugbyman de haut niveau et engag\u00e9 depuis plus de dix ans en faveur de l\u2019environnement, Julien Pierre\u00a0a \u00e9t\u00e9 invit\u00e9 \u00e0 partager sa vision du lien entre\u00a0d\u00e9passement de soi, engagement \u00e9cologique et attractivit\u00e9 territoriale.<\/p>\n<p>        <img decoding=\"async\" id=\"25672343\" src=\"https:\/\/www.europesays.com\/fr\/wp-content\/uploads\/2025\/08\/sudouest-photo-1-10987290.jpg\" alt=\"Les clubs sportifs g\u00e9n\u00e8rent beaucoup de d\u00e9chets. Julien Pierre pousse notamment les clubs \u00e0 mieux les trier en les incitant \u00e0 s\u2019\u00e9quiper de composteurs.\" itemprop=\"contentURL\"\/><\/p>\n<p>    Les clubs sportifs g\u00e9n\u00e8rent beaucoup de d\u00e9chets. Julien Pierre pousse notamment les clubs \u00e0 mieux les trier en les incitant \u00e0 s\u2019\u00e9quiper de composteurs.<\/p>\n<p>\u00ab\u00a0Sud Ouest\u00a0\u00bb<\/p>\n<p>Aujourd\u2019hui pr\u00e9sident de\u00a0Fair Play For Planet, le premier label fran\u00e7ais \u00e9co-responsable d\u00e9di\u00e9 au sport, il \u0153uvre \u00e0 promouvoir des pratiques sportives durables. Ce label est attribu\u00e9 \u00e0 l\u2019issue d\u2019un audit reposant sur cinq crit\u00e8res\u00a0: la gestion des d\u00e9chets, la gestion de l\u2019\u00e9nergie et de l\u2019eau, la mobilit\u00e9 durable, la pr\u00e9servation de la biodiversit\u00e9 et la sensibilisation du public. Valable pendant deux ans, il a pour objectif de\u00a0r\u00e9compenser et accompagner les structures et \u00e9v\u00e9nements sportifs\u00a0qui s\u2019engagent concr\u00e8tement pour la protection de l\u2019environnement.<\/p>\n<p class=\"interview-question\">D\u2019o\u00f9 vous vient cet engagement pour le climat\u00a0?<\/p>\n<p class=\"interview-answer\">J\u2019ai \u00e9t\u00e9 sensibilis\u00e9 tr\u00e8s jeune \u00e0 ces questions. Ma famille porte une attention particuli\u00e8re \u00e0 la protection de la biodiversit\u00e9. Elle g\u00e8re un zoo en Vend\u00e9e. Quand j\u2019\u00e9tais encore joueur, je trouvais que le sport \u00e9tait engag\u00e9 sur les enjeux sociaux mais pas assez sur le changement climatique. Alors, en 2013, j\u2019ai fond\u00e9 Play for Nature. Une fondation qui \u0153uvre \u00e0 la protection des esp\u00e8ces menac\u00e9es et de leurs \u00e9cosyst\u00e8mes. \u00c0 ma retraite, j\u2019ai d\u00e9cid\u00e9 d\u2019aller plus loin et de cr\u00e9er le label Fair Play For Planet.<\/p>\n<p class=\"interview-question\">Que vous a apport\u00e9 votre carri\u00e8re de joueur de rugby pour ce projet\u00a0?<\/p>\n<p class=\"interview-answer\">Forc\u00e9ment j\u2019ai joui de ma notori\u00e9t\u00e9 et de mon engagement de longue date pour cr\u00e9dibiliser mon projet. Je suis mon propre ambassadeur et, dans un sens, le premier sportif labellis\u00e9. Le haut niveau m\u2019a \u00e9galement permis d\u2019acqu\u00e9rir une force de r\u00e9silience et une capacit\u00e9 de remise en question permanente qui m\u2019ont \u00e9t\u00e9 tr\u00e8s utiles.<\/p>\n<p class=\"interview-question\">Depuis mars 2025, vous \u00eates \u00e9lu \u00e0 la Ligue nationale de rugby. Quels sont vos engagements pour ce mandat\u00a0?<\/p>\n<p class=\"interview-answer\">Je vais essayer d\u2019insuffler mes id\u00e9es et de faire avancer les sujets environnementaux, mais c\u2019est encore trop t\u00f4t pour r\u00e9ellement m\u2019exprimer.<\/p>\n<p>        <img decoding=\"async\" id=\"25669631\" src=\"https:\/\/www.europesays.com\/fr\/wp-content\/uploads\/2025\/08\/sudouest-photo-1-8613817.jpg\" alt=\"Julien Pierre a jou\u00e9 en \u00e9quipe de France (27 s\u00e9lections) et a \u00e9volu\u00e9, entre 1998 et 2003, au Stade Rochelais.\" itemprop=\"contentURL\"\/><\/p>\n<p>    Julien Pierre a jou\u00e9 en \u00e9quipe de France (27 s\u00e9lections) et a \u00e9volu\u00e9, entre 1998 et 2003, au Stade Rochelais.<\/p>\n<p>FRANCK FIFE\/AFP<\/p>\n<p class=\"interview-question\">Quels sont les int\u00e9r\u00eats pour une structure sportive d\u2019\u00eatre labellis\u00e9e\u00a0Fair Play For Planet\u00a0?<\/p>\n<p class=\"interview-answer\">L\u2019existence du label incite les structures \u00e0 se poser les bonnes questions\u00a0et \u00e0 engager des d\u00e9marches allant dans le sens de la transition \u00e9cologique. Certains clubs, comme le\u00a0CA Brive, ont m\u00eame constat\u00e9 que\u00a0l\u2019annonce de leur labellisation\u00a0figurait parmi les rares publications sur les r\u00e9seaux sociaux\u00a0\u00e0 ne susciter aucun commentaire ou retour n\u00e9gatif des supporteurs. Sans \u00eatre un indicateur fiable, cette exp\u00e9rience constitue un symbole fort. Par ailleurs, le label contribue \u00e0 renforcer la visibilit\u00e9 et la r\u00e9putation des structures. Chaque ann\u00e9e, le m\u00e9dia\u00a0\u201cL\u2019\u00c9quipe\u201d publie le\u00a0classement Fair Play For Planet, offrant une vitrine suppl\u00e9mentaire aux clubs et \u00e9v\u00e9nements engag\u00e9s. Enfin, l\u2019obtention du label peut \u00e9galement devenir un atout strat\u00e9gique, certains\u00a0appels d\u2019offres, subventions ou partenariats \u00e9conomiques\u00a0\u00e9tant parfois conditionn\u00e9s \u00e0 cette certification.<\/p>\n<p class=\"interview-question\">Qu\u2019avez-vous aid\u00e9 \u00e0 mettre en place dans les clubs\u00a0?<\/p>\n<p class=\"interview-answer\">Au Stade Rochelais, ils ont mis en place des parkings \u00e0 v\u00e9los pour les supporteurs. L\u2019Olympique Lyonnais a maintenant des jardins p\u00e9dagogiques pour apprendre \u00e0 respecter la biodiversit\u00e9. Et dernier exemple, au Havre, ils ont remplac\u00e9 les bouteilles en plastique pour les sportifs par des fontaines \u00e0 eau et des gourdes. Cela repr\u00e9sente une \u00e9conomie d\u2019environ 35\u00a0000 bouteilles.<\/p>\n<p class=\"interview-question\">De nombreux clubs du Top\u00a014 sont labellis\u00e9s. Par exemple la Section Paloise, qui est pourtant largement soutenue par Total \u00c9nergie. Comment l\u2019expliquez-vous\u00a0?<\/p>\n<p class=\"interview-answer\">Nous r\u00e9compensons les engagements de la Section Paloise et non les actions de Total \u00c9nergies. L\u2019entreprise peut m\u00eame \u00eatre motrice de changements vertueux en faveur de la mobilit\u00e9 douce et du d\u00e9veloppement d\u2019\u00e9nergie verte du club. Si on arr\u00eate de toucher tout ce qui a \u00e9t\u00e9 cr\u00e9\u00e9 ou transform\u00e9 par l\u2019industrie p\u00e9trochimique on ne va pas faire grande chose.<\/p>\n<p>        <img decoding=\"async\" id=\"25656644\" src=\"https:\/\/www.europesays.com\/fr\/wp-content\/uploads\/2025\/08\/unnamed-3.jpg\" alt=\"Julien Pierre a aussi fond\u00e9 Play for Nature en 2013.\" itemprop=\"contentURL\"\/><\/p>\n<p>    Julien Pierre a aussi fond\u00e9 Play for Nature en 2013.<\/p>\n<p>Julien Pierre<\/p>\n<p>    Julien Pierre, le rugbyman engag\u00e9<br \/>\nAvec ses 27 s\u00e9lections dans le XV de France, Julien Pierre a gagn\u00e9 le Grand Chelem de 2010 et particip\u00e9 \u00e0 la finale de la Coupe du monde de 2011. Entre 1998 et 2018, il a jou\u00e9 deuxi\u00e8me ligne au Stade Rochelais, au CS Bourgoin-Jallieu, \u00e0 la Section Paloise et \u00e0 l\u2019ASM Clermont avec qui il a \u00e9t\u00e9 champion de France en 2010.<br \/>En parall\u00e8le de sa carri\u00e8re sportive, Julien Pierre s\u2019est toujours engag\u00e9 pour l\u2019environnement. Il est le pr\u00e9sident du fonds de dotation <a href=\"https:\/\/playfornature.org\/\" target=\"_blank\" rel=\"nofollow noopener\">Play for Nature<\/a> cr\u00e9\u00e9 en 2013. En novembre 2020, il a lanc\u00e9 son projet <a href=\"https:\/\/www.fairplayforplanet.org\/\" target=\"_blank\" rel=\"nofollow noopener\">Fair Play For Planet<\/a>.<\/p>\n","protected":false},"excerpt":{"rendered":"Pour la 13e \u00e9dition des rencontres \u00c9nergie-Climat, le think tank, et organisateur, e5t anime des conf\u00e9rences sur le&hellip;\n","protected":false},"author":2,"featured_media":347140,"comment_status":"","ping_status":"","sticky":false,"template":"","format":"standard","meta":{"footnotes":""},"categories":[1416],"tags":[1011,27,479,1468,60],"class_list":{"0":"post-347139","1":"post","2":"type-post","3":"status-publish","4":"format-standard","5":"has-post-thumbnail","7":"category-rugby","8":"tag-fr","9":"tag-france","10":"tag-rugby","11":"tag-rugby-football","12":"tag-sports"},"share_on_mastodon":{"url":"https:\/\/pubeurope.com\/@fr\/115099753841224963","error":""},"_links":{"self":[{"href":"https:\/\/www.europesays.com\/fr\/wp-json\/wp\/v2\/posts\/347139","targetHints":{"allow":["GET"]}}],"collection":[{"href":"https:\/\/www.europesays.com\/fr\/wp-json\/wp\/v2\/posts"}],"about":[{"href":"https:\/\/www.europesays.com\/fr\/wp-json\/wp\/v2\/types\/post"}],"author":[{"embeddable":true,"href":"https:\/\/www.europesays.com\/fr\/wp-json\/wp\/v2\/users\/2"}],"replies":[{"embeddable":true,"href":"https:\/\/www.europesays.com\/fr\/wp-json\/wp\/v2\/comments?post=347139"}],"version-history":[{"count":0,"href":"https:\/\/www.europesays.com\/fr\/wp-json\/wp\/v2\/posts\/347139\/revisions"}],"wp:featuredmedia":[{"embeddable":true,"href":"https:\/\/www.europesays.com\/fr\/wp-json\/wp\/v2\/media\/347140"}],"wp:attachment":[{"href":"https:\/\/www.europesays.com\/fr\/wp-json\/wp\/v2\/media?parent=347139"}],"wp:term":[{"taxonomy":"category","embeddable":true,"href":"https:\/\/www.europesays.com\/fr\/wp-json\/wp\/v2\/categories?post=347139"},{"taxonomy":"post_tag","embeddable":true,"href":"https:\/\/www.europesays.com\/fr\/wp-json\/wp\/v2\/tags?post=347139"}],"curies":[{"name":"wp","href":"https:\/\/api.w.org\/{rel}","templated":true}]}}