{"id":347141,"date":"2025-08-27T08:20:11","date_gmt":"2025-08-27T08:20:11","guid":{"rendered":"https:\/\/www.europesays.com\/fr\/347141\/"},"modified":"2025-08-27T08:20:11","modified_gmt":"2025-08-27T08:20:11","slug":"zverev-et-de-minaur-deroulent","status":"publish","type":"post","link":"https:\/\/www.europesays.com\/fr\/347141\/","title":{"rendered":"Zverev et De Minaur d\u00e9roulent"},"content":{"rendered":"<p class=\"date\">\n                                                            Aur\u00e9lie Sacchelli, Media365, publi\u00e9 le mercredi 27 ao\u00fbt 2025 \u00e0 08h43\n                                                    <\/p>\n<p>Alexander Zverev et Alex De Minaur se sont ais\u00e9ment qualifi\u00e9s pour le deuxi\u00e8me tour de l&rsquo;US Open en s&rsquo;imposant en trois manches.<\/p>\n<p>Tous les joueurs du Top 10 de l&rsquo;ATP ont franchi le premier tour de l&rsquo;US Open. Derniers cadors en lice mardi en fin de premier tour, Alexander Zverev et Alex De Minaur ne sont pas tomb\u00e9s dans le pi\u00e8ge. <strong>Le joueur allemand, n\u00b03 mondial, \u00e9tait oppos\u00e9 \u00e0 Alejandro Tabilo, 122e, qu&rsquo;il avait d\u00e9j\u00e0 battu en demi-finales \u00e0 Rome l&rsquo;an pass\u00e9. Et Zverev a de nouveau \u00e9limin\u00e9 le Chilien, cette fois sur le score de 6-2, 7-6, 6-4 en 2h08.<\/strong> Le finaliste de l&rsquo;\u00e9dition 2020 a servi neuf aces et a sauv\u00e9 les six balles de break que s&rsquo;est procur\u00e9 son adversaire, mais tout ne fut pas si simple pour lui. S&rsquo;il a ais\u00e9ment gagn\u00e9 le premier set en breakant \u00e0 0-0 et 3-1, il a d\u00fb sauver une balle de deuxi\u00e8me set \u00e0 6-5, avant de finalement empocher la manche quelques minutes plus tard au tie-break (7-4). Et dans la troisi\u00e8me, c&rsquo;est au tout dernier moment que l&rsquo;Allemand a fait la diff\u00e9rence, en breakant \u00e0 5-4. Mais l&rsquo;essentiel est assur\u00e9, avec un deuxi\u00e8me tour \u00e0 venir contre le Britannique Jacob Fearnley (60e), tombeur en quatre sets de Roberto Bautista Agut.<\/p>\n<p>De Minaur \u00e9limine un compatriote<\/p>\n<p>Le n\u00b08 mondial Alex De Minaur \u00e9tait quant \u00e0 lui oppos\u00e9 \u00e0 son compatriote Christopher O&rsquo;Connell (81e), et apr\u00e8s avoir d\u00e9clar\u00e9 forfait pour leur match \u00e0 Toronto il y a quelques semaines, O&rsquo;Connell a cette fois bien pu tenir sa place, mais il s&rsquo;est inclin\u00e9 6-3, 6-4, 6-4 en 1h53. De Minaur a servi 10 aces et n&rsquo;a pas eu la moindre balle de break \u00e0 d\u00e9fendre lors de cette rencontre, o\u00f9 il a pris le service adverse \u00e0 3-2 dans le premier set, 1-1 dans le deuxi\u00e8me et 0-0 dans le troisi\u00e8me. Prochain adversaire : <a href=\"https:\/\/sports.orange.fr\/tennis\/us-open\/article\/us-open-h-c-est-aussi-termine-pour-gaston-CNT000002km5aD.html\" target=\"_blank\" rel=\"noopener\">le tombeur d&rsquo;Hugo Gaston Shintaro Mochizuki<\/a>.<strong> A noter \u00e9galement ce mardi la qualification tr\u00e8s facile du 14e mondial Tommy Paul, qui n&rsquo;a laiss\u00e9 que sept jeux au Danois Elmer Moller<\/strong> (auteur de 12 double-fautes), qu&rsquo;il avait d\u00e9j\u00e0 \u00e9limin\u00e9 d&rsquo;entr\u00e9e \u00e0 Roland-Garros. L&rsquo;Am\u00e9ricain l&rsquo;a emport\u00e9 6-3, 6-3, 6-1 en 1h48 sans avoir de balle de break \u00e0 d\u00e9fendre. Il d\u00e9fiera Nuno Borges au tour suivant.<\/p>\n","protected":false},"excerpt":{"rendered":"Aur\u00e9lie Sacchelli, Media365, publi\u00e9 le mercredi 27 ao\u00fbt 2025 \u00e0 08h43 Alexander Zverev et Alex De Minaur se&hellip;\n","protected":false},"author":2,"featured_media":347142,"comment_status":"","ping_status":"","sticky":false,"template":"","format":"standard","meta":{"footnotes":""},"categories":[1415],"tags":[1011,27,60,1467],"class_list":{"0":"post-347141","1":"post","2":"type-post","3":"status-publish","4":"format-standard","5":"has-post-thumbnail","7":"category-tennis","8":"tag-fr","9":"tag-france","10":"tag-sports","11":"tag-tennis"},"share_on_mastodon":{"url":"https:\/\/pubeurope.com\/@fr\/115099757632871859","error":""},"_links":{"self":[{"href":"https:\/\/www.europesays.com\/fr\/wp-json\/wp\/v2\/posts\/347141","targetHints":{"allow":["GET"]}}],"collection":[{"href":"https:\/\/www.europesays.com\/fr\/wp-json\/wp\/v2\/posts"}],"about":[{"href":"https:\/\/www.europesays.com\/fr\/wp-json\/wp\/v2\/types\/post"}],"author":[{"embeddable":true,"href":"https:\/\/www.europesays.com\/fr\/wp-json\/wp\/v2\/users\/2"}],"replies":[{"embeddable":true,"href":"https:\/\/www.europesays.com\/fr\/wp-json\/wp\/v2\/comments?post=347141"}],"version-history":[{"count":0,"href":"https:\/\/www.europesays.com\/fr\/wp-json\/wp\/v2\/posts\/347141\/revisions"}],"wp:featuredmedia":[{"embeddable":true,"href":"https:\/\/www.europesays.com\/fr\/wp-json\/wp\/v2\/media\/347142"}],"wp:attachment":[{"href":"https:\/\/www.europesays.com\/fr\/wp-json\/wp\/v2\/media?parent=347141"}],"wp:term":[{"taxonomy":"category","embeddable":true,"href":"https:\/\/www.europesays.com\/fr\/wp-json\/wp\/v2\/categories?post=347141"},{"taxonomy":"post_tag","embeddable":true,"href":"https:\/\/www.europesays.com\/fr\/wp-json\/wp\/v2\/tags?post=347141"}],"curies":[{"name":"wp","href":"https:\/\/api.w.org\/{rel}","templated":true}]}}