{"id":347148,"date":"2025-08-27T08:25:11","date_gmt":"2025-08-27T08:25:11","guid":{"rendered":"https:\/\/www.europesays.com\/fr\/347148\/"},"modified":"2025-08-27T08:25:11","modified_gmt":"2025-08-27T08:25:11","slug":"mercato-psg-apres-arnau-tenas-un-autre-indesirable-va-rebondir-en-liga","status":"publish","type":"post","link":"https:\/\/www.europesays.com\/fr\/347148\/","title":{"rendered":"Mercato PSG : Apr\u00e8s Arnau Tenas, un autre ind\u00e9sirable va rebondir en Liga"},"content":{"rendered":"<p>Le Paris Saint-Germain poursuit sa grande man\u0153uvre estivale. Alors que la fin du mercato approche, le club de la capitale veut r\u00e9duire un effectif jug\u00e9 trop encombr\u00e9 et permettre \u00e0 Luis Enrique de s\u2019appuyer uniquement sur des joueurs impliqu\u00e9s dans son projet. <a href=\"https:\/\/www.goal.com\/fr\/listes\/mercato-psg-arnau-tenas-en-route-vers-la-liga\/bltb062a6e573149af7\" target=\"_self\" rel=\"noopener\">Apr\u00e8s avoir trouv\u00e9 une porte de sortie \u00e0 Arnau Tenas, qui s\u2019appr\u00eate \u00e0 retrouver la Liga en s\u2019engageant avec Villarreal,<\/a> un autre \u00e9l\u00e9ment parisien est en passe de suivre la m\u00eame trajectoire.<\/p>\n<p>Contenu externe recommand\u00e9Vid\u00e9oNous avons besoin de votre consentement pour vous montrer le contenu int\u00e9gr\u00e9 de notre \u00e9quipe \u00e9ditorialeVid\u00e9o . Vous pouvez activer ceci (et tous les autres \u00e9l\u00e9ments int\u00e9gr\u00e9s \u00e0 partir deVid\u00e9o (via goal.com) en un seul clic et d\u00e9sactivez-le \u00e9galement.Toujours afficherVid\u00e9o contenuJe confirme que je souhaite voir du contenu externe. Des donn\u00e9es personnelles identifiables pourraient \u00eatre transf\u00e9r\u00e9es \u00e0 des tiers.<a href=\"https:\/\/www.goal.com\/fr\/l%C3%A9gal\/politique-priv%C3%A9e\" target=\"_blank\" rel=\"noreferrer noopener\"> Pour en savoir plus, consultez notre politique de confidentialit\u00e9.<\/a> .<\/p>\n","protected":false},"excerpt":{"rendered":"Le Paris Saint-Germain poursuit sa grande man\u0153uvre estivale. Alors que la fin du mercato approche, le club de&hellip;\n","protected":false},"author":2,"featured_media":347149,"comment_status":"","ping_status":"","sticky":false,"template":"","format":"standard","meta":{"footnotes":""},"categories":[1410],"tags":[48323,48322,48320,63,1011,27,19317,66,91,48321,42891,60,2312,48319],"class_list":{"0":"post-347148","1":"post","2":"type-post","3":"status-publish","4":"format-standard","5":"has-post-thumbnail","7":"category-football","8":"tag-a-tenas","9":"tag-c-soler","10":"tag-celta-vigo","11":"tag-football","12":"tag-fr","13":"tag-france","14":"tag-laliga","15":"tag-ligue-1","16":"tag-paris-saint-germain","17":"tag-real-oviedo","18":"tag-real-sociedad","19":"tag-sports","20":"tag-toulouse","21":"tag-villarreal"},"share_on_mastodon":{"url":"https:\/\/pubeurope.com\/@fr\/115099777411135202","error":""},"_links":{"self":[{"href":"https:\/\/www.europesays.com\/fr\/wp-json\/wp\/v2\/posts\/347148","targetHints":{"allow":["GET"]}}],"collection":[{"href":"https:\/\/www.europesays.com\/fr\/wp-json\/wp\/v2\/posts"}],"about":[{"href":"https:\/\/www.europesays.com\/fr\/wp-json\/wp\/v2\/types\/post"}],"author":[{"embeddable":true,"href":"https:\/\/www.europesays.com\/fr\/wp-json\/wp\/v2\/users\/2"}],"replies":[{"embeddable":true,"href":"https:\/\/www.europesays.com\/fr\/wp-json\/wp\/v2\/comments?post=347148"}],"version-history":[{"count":0,"href":"https:\/\/www.europesays.com\/fr\/wp-json\/wp\/v2\/posts\/347148\/revisions"}],"wp:featuredmedia":[{"embeddable":true,"href":"https:\/\/www.europesays.com\/fr\/wp-json\/wp\/v2\/media\/347149"}],"wp:attachment":[{"href":"https:\/\/www.europesays.com\/fr\/wp-json\/wp\/v2\/media?parent=347148"}],"wp:term":[{"taxonomy":"category","embeddable":true,"href":"https:\/\/www.europesays.com\/fr\/wp-json\/wp\/v2\/categories?post=347148"},{"taxonomy":"post_tag","embeddable":true,"href":"https:\/\/www.europesays.com\/fr\/wp-json\/wp\/v2\/tags?post=347148"}],"curies":[{"name":"wp","href":"https:\/\/api.w.org\/{rel}","templated":true}]}}