{"id":34715,"date":"2025-04-18T19:04:11","date_gmt":"2025-04-18T19:04:11","guid":{"rendered":"https:\/\/www.europesays.com\/fr\/34715\/"},"modified":"2025-04-18T19:04:11","modified_gmt":"2025-04-18T19:04:11","slug":"une-mission-sauvetage-de-jouets-a-lyon-part-dieu-samedi-19-avril","status":"publish","type":"post","link":"https:\/\/www.europesays.com\/fr\/34715\/","title":{"rendered":"Une \u00ab\u00a0mission sauvetage de jouets\u00a0\u00bb \u00e0 Lyon Part-Dieu samedi 19 avril"},"content":{"rendered":"<p><img loading=\"lazy\" decoding=\"async\" alt=\"\u00a9 photo fournie par Ecomaison - Lyon est la 5e \u00e9tape de ce &quot;Tour de France du tri des jouets&quot; qui se termine \u00e0 la fin du mois d'avril.\" data-zoom-src=\"https:\/\/www.europesays.com\/fr\/wp-content\/uploads\/2025\/04\/initial-tri-de-jouets-lyon-part-dieu-ecomaison.jpg\" data-zoomable=\"\" height=\"702\" src=\"https:\/\/www.europesays.com\/fr\/wp-content\/uploads\/2025\/04\/initial-tri-de-jouets-lyon-part-dieu-ecomaison.jpg\" width=\"1248\"\/>  <\/p>\n<p class=\"article-desc\">\u00a9 photo fournie par Ecomaison &#8211; Lyon est la 5e \u00e9tape de ce \u00ab\u00a0Tour de France du tri des jouets\u00a0\u00bb qui se termine \u00e0 la fin du mois d&rsquo;avril. <\/p>\n<p>Votre mission si vous l&rsquo;acceptez\u00a0:<strong> sauver des jouets<\/strong>. Depuis d\u00e9but avril, Ecomaison lance sa \u00ab\u00a0<strong>Mission sauvetage de jouets<\/strong>\u00a0\u00bb dans toute la France, et <strong>ce week-end<\/strong>, elle <strong>fait \u00e9tape \u00e0 Lyon<\/strong>. <\/p>\n<p>Le 19 avril, de 10h \u00e0 19h, les familles sont invit\u00e9es \u00e0 participer \u00e0 une op\u00e9ration de sensibilisation originale, au sein du <strong>centre commercial Westfield La Part-Dieu<\/strong>. <\/p>\n<p>Lyon Part-Dieu : des ateliers ludiques pour sensibiliser au tri et \u00e0 la seconde main <\/p>\n<p>A destination des enfants, des<strong> ateliers ludiques<\/strong> seront propos\u00e9s : \u00ab\u00a0Mission Tri\u00a0\u00bb, pour apprendre \u00e0 identifier les bons gestes de tri ; \u00ab\u00a0Mission R\u00e9cup\u2019Jouets\u00a0\u00bb, anim\u00e9e par l\u2019association Enjou\u00e9, pour donner une seconde vie aux jouets ; et \u00ab\u00a0Mission Repar\u2019Tout\u00a0\u00bb, pour s\u2019initier \u00e0 la r\u00e9paration. <\/p>\n<p>Les jeunes participants repartiront avec leur cape de<strong> super-h\u00e9ros du tri<\/strong> et un passeport \u00e0 leur nom. <\/p>\n<p>Cette op\u00e9ration vise \u00e0 faire conna\u00eetre la<strong> fili\u00e8re de r\u00e9emploi et de recyclage des jouets<\/strong>, cr\u00e9\u00e9e par Ecomaison en 2022, en partenariat avec les fabricants et distributeurs comme La Grande R\u00e9cr\u00e9. <\/p>\n<p>En France, pr\u00e8s de 100 000 tonnes de jouets sont jet\u00e9es chaque ann\u00e9e selon l\u2019Ademe, alors que des solutions existent via plus de 6 000 points de collecte.\u00a0<\/p>\n","protected":false},"excerpt":{"rendered":"\u00a9 photo fournie par Ecomaison &#8211; Lyon est la 5e \u00e9tape de ce \u00ab\u00a0Tour de France du tri&hellip;\n","protected":false},"author":2,"featured_media":34716,"comment_status":"","ping_status":"","sticky":false,"template":"","format":"standard","meta":{"footnotes":""},"categories":[1889],"tags":[1111,11,2430,3290,1777,674,1011,27,2428,12,25,1932,3336,11338],"class_list":{"0":"post-34715","1":"post","2":"type-post","3":"status-publish","4":"format-standard","5":"has-post-thumbnail","7":"category-lyon","8":"tag-actu","9":"tag-actualites","10":"tag-auvergne-rhone-alpes","11":"tag-centre-commercial-westfield-part-dieu","12":"tag-eu","13":"tag-europe","14":"tag-fr","15":"tag-france","16":"tag-lyon","17":"tag-news","18":"tag-republique-francaise","19":"tag-solidaritu00e9","20":"tag-sortir-u00e0-lyon","21":"tag-u00c9conomie-circulaire"},"share_on_mastodon":{"url":"https:\/\/pubeurope.com\/@fr\/114360527412847627","error":""},"_links":{"self":[{"href":"https:\/\/www.europesays.com\/fr\/wp-json\/wp\/v2\/posts\/34715","targetHints":{"allow":["GET"]}}],"collection":[{"href":"https:\/\/www.europesays.com\/fr\/wp-json\/wp\/v2\/posts"}],"about":[{"href":"https:\/\/www.europesays.com\/fr\/wp-json\/wp\/v2\/types\/post"}],"author":[{"embeddable":true,"href":"https:\/\/www.europesays.com\/fr\/wp-json\/wp\/v2\/users\/2"}],"replies":[{"embeddable":true,"href":"https:\/\/www.europesays.com\/fr\/wp-json\/wp\/v2\/comments?post=34715"}],"version-history":[{"count":0,"href":"https:\/\/www.europesays.com\/fr\/wp-json\/wp\/v2\/posts\/34715\/revisions"}],"wp:featuredmedia":[{"embeddable":true,"href":"https:\/\/www.europesays.com\/fr\/wp-json\/wp\/v2\/media\/34716"}],"wp:attachment":[{"href":"https:\/\/www.europesays.com\/fr\/wp-json\/wp\/v2\/media?parent=34715"}],"wp:term":[{"taxonomy":"category","embeddable":true,"href":"https:\/\/www.europesays.com\/fr\/wp-json\/wp\/v2\/categories?post=34715"},{"taxonomy":"post_tag","embeddable":true,"href":"https:\/\/www.europesays.com\/fr\/wp-json\/wp\/v2\/tags?post=34715"}],"curies":[{"name":"wp","href":"https:\/\/api.w.org\/{rel}","templated":true}]}}